{"id":5397,"date":"2017-07-25T20:03:43","date_gmt":"2017-07-26T00:03:43","guid":{"rendered":"http:\/\/7a2g9abnpa.preview.infomaniak.website\/?p=5397"},"modified":"2019-07-18T08:36:02","modified_gmt":"2019-07-18T12:36:02","slug":"samedi-soir-on-cinedanse-sous-les-etoiles-au-marche-des-possibles-du-mile-end","status":"publish","type":"post","link":"https:\/\/www.cinedanse.ca\/en\/samedi-soir-on-cinedanse-sous-les-etoiles-au-marche-des-possibles-du-mile-end\/","title":{"rendered":"Samedi soir, on \u00ab Cin\u00e9danse sous les \u00e9toiles \u00bb au March\u00e9 des Possibles du Mile-End !"},"content":{"rendered":"<h3 align=\"LEFT\"><span style=\"color: #000000;\"><strong><span style=\"font-family: Arial,sans-serif;\"><span style=\"font-size: medium;\">Martine \u00c9poque, Catherine Gaudet, Clara Furey, les Dear Criminal, Pablo Diconca, Caroline Gravel, Katya Montaignac y seront, m\u00eame Francis and the Lights, Kanye West, Chance the Rapper, le jeune chor\u00e9graphe de l&#8217;heure isra\u00e9lien Mor Shani, Brigitte Bardot, Godard&#8230; Et vous?!<\/span><\/span><\/strong><\/span><\/h3>\n<p><span style=\"color: #000000;\">Montr\u00e9al, le 27 juillet 2017 &#8211; <span style=\"font-weight: 400;\">Ce samedi soir 20h30, le March\u00e9 des Possibles du quartier Mile-End vous invite, comme l&#8217;\u00e9t\u00e9 dernier, pour un Cin\u00e9danse sous les \u00e9toiles. Et venez danser aux rythmes des DJ invit\u00e9s par Mutek ! Arrivez plus t\u00f4t, c&#8217;est soir\u00e9e Yatai, bouffe de rue de nos meilleurs chefs japonais de Montr\u00e9al. Un samedi soir sous les \u00e9toiles du Mile-End o\u00f9 tous vos sens seront \u00e9moustill\u00e9s&#8230;!<\/span><\/span><\/p>\n<p><span style=\"font-weight: 400; color: #000000;\">Suite au succ\u00e8s de l&#8217;\u00e9t\u00e9 dernier, la coordonatrice artistique Mistaya Hemingway (ex-interpr\u00e8te chez La La La Human Steps)\u00a0 a r\u00e9invit\u00e9 Sylvain Bleau, directeur de Cin\u00e9danse \u00e0 vous concocter, dans l&#8217;ambiance festive de son March\u00e9, une nouvelle s\u00e9ance des plus beaux courts m\u00e9trages r\u00e9alis\u00e9s, dans\u00e9s et chor\u00e9graphi\u00e9s par des artistes montr\u00e9alais. Monsieur Cin\u00e9danse vous\u00a0 a s\u00e9lectionn\u00e9 des petits bijoux de chez nous parmi lesquels certains sont prim\u00e9s partout \u00e0 travers le monde. La s\u00e9ance Cin\u00e9danse sous les \u00e9toiles est encore cette ann\u00e9e d\u00e9di\u00e9 \u00e0 l&#8217;amour, toujours et est intitul\u00e9e \u00abUn peu, \u00a0ou beaucoup\u00bb. Elle est\u00a0 \u00e9galement agr\u00e9ment\u00e9e d\u2019\u0153uvres d&#8217;artistes \u00e9trangers que le programmateur affectionne pour leur fort symbolisme et leur essence stylis\u00e9e. Bleau s&#8217;est dit ravi de\u00a0 cette deuxi\u00e8me collaboration avec l&#8217;\u00e9v\u00e9nement estival montr\u00e9alais. \u00ab Dans notre univers virtuel surcharg\u00e9, il m&#8217;importe que de plus en plus d&#8217;\u00e9crans urbains stoppent le tourbillon de nos tr\u00e9pidantes existences et nous accaparent l&#8217;instant de quelques moments d&#8217;inspirantes \u0153uvres d&#8217;art. Notre humanit\u00e9 de citadins ne s&#8217;en portera que mieux !\u00bb.<br \/>\n<\/span><\/p>\n<p><span style=\"font-weight: 400; color: #000000;\">\/&#8212;\/<\/span><\/p>\n<h3><span style=\"color: #000000;\">L&#8217;Amour toujours&#8230;. Un peu, ou beaucoup<\/span><\/h3>\n<h4><span style=\"color: #000000;\">\u00a0<b><b>Cin\u00e9danse sous les \u00e9toiles 2017<br \/>\n<\/b><\/b><b><span style=\"font-weight: 400;\">March\u00e9 des Possibles du Mile-End<\/span><\/b><b><br \/>\n<span style=\"font-weight: 400;\">|Samedi 29 juillet, 20h30<br \/>\n<\/span><\/b><b><span style=\"font-weight: 400;\">(5635 rue St-Dominique \/ coin Bernard, tout juste \u00e0 l&#8217;est du boul. St-Laurent)<br \/>\n<\/span><\/b><a href=\"https:\/\/www.cinedanse.ca\" target=\"_blank\" rel=\"noopener noreferrer\">www.cinedanse.ca<\/a><\/span><\/h4>\n<p><span style=\"font-weight: 400; color: #000000;\">\/&#8212;\/<\/span><\/p>\n<p><span style=\"font-weight: 400; color: #000000;\">\u00ab Parce que si nos parents ne s\u2019\u00e9taient pas aim\u00e9s, un peu ou beaucoup, nous ne serions pas l\u00e0. Parce que si nous n\u2019\u00e9tions pas aim\u00e9s, un peu ou beaucoup, nous ne voudrions pas \u00eatre l\u00e0.<\/span><\/p>\n<p><span style=\"font-weight: 400; color: #000000;\">Parce que si vous n\u2019aimiez pas, un peu ou beaucoup, vous ne seriez pas l\u00e0, ce soir&#8230;<\/span><\/p>\n<p><span style=\"font-weight: 400; color: #000000;\">Nous nous sommes donn\u00e9s pour mission de vous faire aimer ceux qui aiment, ceux que nous aimons. \u00bb<br \/>\n<\/span><\/p>\n<p><span style=\"color: #000000;\"><b>\/&#8230;\/<\/b><\/span><\/p>\n<p><span style=\"color: #000000;\"><span style=\"font-weight: 400;\">Au d\u00e9but, la langueur des Dear Criminals mari\u00e9e \u00a0avec celle de Catherine Gaudet, les derniers \u00e9mois, <\/span><i><span style=\"font-weight: 400;\">la Petite mort <\/span><\/i><span style=\"font-weight: 400;\">des<\/span><span style=\"font-weight: 400;\"> amants <\/span><span style=\"font-weight: 400;\">Clara Furey et Francis Ducharme.<\/span><\/span><\/p>\n<p><span style=\"color: #000000;\"><span style=\"font-weight: 400;\">Et L&#8217;a<\/span><i><span style=\"font-weight: 400;\">b\u00eeme<\/span><\/i><span style=\"font-weight: 400;\"> de Pablo Diconca, nous replongera dans les tr\u00e9fonds du couple, et toujours, l&#8217;univers chor\u00e9graphique inspir\u00e9 de Catherine Gaudet. <\/span><\/span><\/p>\n<p><span style=\"color: #000000;\"><span style=\"font-weight: 400;\">Gros plan sur une descente sans fin -la sc\u00e8ne du d\u00e9but de la fin du fameux <\/span><i><span style=\"font-weight: 400;\">M\u00e9pris<\/span><\/i><span style=\"font-weight: 400;\"> (1963) de Godard avec en voix-off Brigitte Bardot et Michel Piccoli- et nos amoureux en cavalcade se perdent dans l&#8217;escalier 35 \u00e0 Paris. Avec la jeune Katya Montaignac avant qu&#8217;elle n&#8217;adopte Montr\u00e9al et n&#8217;ouvre la 2e Porte \u00e0 Gauche.<\/span><\/span><\/p>\n<p><span style=\"font-weight: 400; color: #000000;\">Heureusement, il y aura l&#8217;ami, et une nouvelle danse. Celle du New-Yorkais Francis and the Lights, nouveau Peter Gabriel, avec ses amis Kanye West, Bon Iver et Chance the Rapper.<\/span><\/p>\n<p><span style=\"color: #000000;\"><span style=\"font-weight: 400;\">Et pour fermer le bal, le Lov-<\/span><i><span style=\"font-weight: 400;\">ism, <\/span><\/i><span style=\"font-weight: 400;\">nouveau trait\u00e9 amoureux sign\u00e9 par le jeune chor\u00e9graphe Isra\u00e9lien de l&#8217;heure, Mor Shani (Tel-Aviv) et son acolyte, le r\u00e9alisateur d&#8217;Amsterdam Paul Sixta.<\/span><\/span><\/p>\n<p><span style=\"font-weight: 400; color: #000000;\">\/&#8212;\/<\/span><\/p>\n<h3><span style=\"color: #000000;\">20h30 |CODA de Martine \u00c9poque &amp; Denis Poulin<\/span><\/h3>\n<p><span style=\"color: #000000;\"><span style=\"font-weight: 400;\">En ouverture de programme, comme un cadeau du ciel, le magnifique <\/span><i><span style=\"font-weight: 400;\">CODA <\/span><\/i><span style=\"font-weight: 400;\">de notre grande pionni\u00e8re de la danse contemporaine au Qu\u00e9bec, Martine \u00c9poque et de son comparse et conjoint Denis Poulin. Toute la fragilit\u00e9 de l&#8217;\u00eatre humain sur le <\/span><span style=\"font-weight: 400;\">mouvement final du <\/span><i><span style=\"font-weight: 400;\">Sacre du printemps <\/span><\/i><span style=\"font-weight: 400;\">de Stravinski interpr\u00e9t\u00e9 par les TwinMuse. La version 3D de ce film cr\u00e9\u00e9 \u00e0 partir d&#8217;une ing\u00e9nieuse technologie de capture de mouvement a remport\u00e9 de prestigieux honneurs de par le monde, notamment \u00e0 Hollywood, le Prix Lumi\u00e8re des Creative Awards et \u00e0 Li\u00e8ge le Prix de la Guilde europ\u00e9enne du 3D.<\/span><\/span><\/p>\n<p><span style=\"font-weight: 400; color: #000000;\">CODA | R\u00e9al.: Denis Poulin &amp; Martine \u00c9poque | Chor.: Martine \u00c9poque &amp; Fr\u00e9d\u00e9rick Gravel | Inter.\u00a0: Brianna Lombardo, Robert Meilleur, Fr\u00e9d\u00e9rick Gravel et S\u00e9verine Lombardo | QC | 2014 | 11&#8242; | court<\/span><\/p>\n<p><span style=\"font-weight: 400; color: #000000;\">\u00a0<\/span><\/p>\n<h3><span style=\"color: #000000;\">21h |Cult Montr\u00e9al et l&#8217;on danse!<\/span><\/h3>\n<h3><span style=\"color: #000000;\">22h |Cin\u00e9danse \u00abUn peu ou beaucoup\u00bb<\/span><\/h3>\n<p><span style=\"font-weight: 400; color: #000000;\">Crave \/ Petite mort | R\u00e9al.: Pierre-Alexandre Girard | Chor.: Catherine Gaudet et J\u00e9r\u00e9mie Niel \u00a0| Inter.\u00a0: Clara Furey et Francis Ducharme | Musique\u00a0: Dear Criminals | QC | 6&#8217;33 | court<\/span><\/p>\n<p><span style=\"font-weight: 400; color: #000000;\">L&#8217;ab\u00eeme | R\u00e9al.: Pablo Diconca | Chor.: Catherine Gaudet | Inter.\u00a0: Caroline Gravel et Dany Desjardins | QC | 2016 | 8&#8217;12 | court<\/span><\/p>\n<p><span style=\"color: #000000;\"><i class=\"\">L&#8217;ab\u00eeme<\/i><span class=\"\">, de Pablo Diconca d\u2019apr\u00e8s la chor\u00e9graphie de Catherine Gaudet, avec Caroline Gravel et Dany Desjardins, a remport\u00e9 au cours de la derni\u00e8re ann\u00e9e de tr\u00e8s nombreux honneurs -prix du meilleur film, prix du public- aux quatre coins du monde, de New-York \u00e0 Mexico, de Montevideo \u00e0 Barcelone, de Naples \u00e0 Budapest&#8230;<\/span><\/span><\/p>\n<p><iframe loading=\"lazy\" title=\"Abismo \/ Abyss \/ L&#039;ab&icirc;me TRAILER\" src=\"https:\/\/player.vimeo.com\/video\/146176192?dnt=1&#038;app_id=122963\" width=\"1020\" height=\"574\" frameborder=\"0\" allow=\"autoplay; fullscreen\" allowfullscreen><\/iframe><\/p>\n<p><span style=\"color: #000000;\"><span style=\"font-weight: 400;\">35 | R\u00e9al.: Catherine Alv\u00e8s | Chor.: Vincent Lahache | Inter.\u00a0: Vincent Lahache &amp; Katya Montaignac | Voix-off\u00a0: Brigitte Bardot et Michel Piccoli dans <\/span><i><span style=\"font-weight: 400;\">Le M\u00e9pris<\/span><\/i><span style=\"font-weight: 400;\"> de Jean-Luc Godard | FR | 1998 | 8&#8217;08 | court<\/span><\/span><\/p>\n<p><span style=\"font-weight: 400; color: #000000;\">Friends | Inter.\u00a0: Bon Iver et Kanye West | R\u00e9al.: Jake Schreier | Chor.: Francis Farewell Starlite, Jake Lodwick et Russell Wright | Musique\u00a0: Francis and the Lights | US | 2016 | 3&#8217;13 | court<\/span><\/p>\n<p><span style=\"font-weight: 400; color: #000000;\">Love-ism | R\u00e9al.: Paul Sixta | Chor.: Mor Shani | NL | 2014 | 12&#8242; | court <\/span><\/p>\n<p><span style=\"font-weight: 400; color: #000000;\">May I have this Dance | Inter.\u00a0: Chance the Rapper | R\u00e9al.: Jake Schreier | Chor.: Francis Farewell Starlite &amp; Chance the Rapper | Musique\u00a0: Francis and the Lights | US | 2017 | 3&#8217;24 | court<\/span><\/p>\n<p><span style=\"font-weight: 400; color: #000000;\">Dur\u00e9e : \u00a040&#8217;09 minutes<\/span><\/p>\n<p>\/&#8212;\/<\/p>\n<h3><span style=\"color: #000000;\"><span style=\"font-weight: 400;\">Page Facebook du week-end 6 <\/span><\/span><\/h3>\n<h3><span style=\"color: #000000;\"><span style=\"font-weight: 400;\">du March\u00e9 des Possibles\u00a0 <a href=\"https:\/\/www.facebook.com\/events\/123565754818793\/\" target=\"_blank\" rel=\"noopener noreferrer\">&gt;&gt;&gt;<\/a><\/span><\/span><\/h3>\n<p>&nbsp;<\/p>\n<p style=\"text-align: center;\"><a href=\"https:\/\/www.facebook.com\/cinedansedanse\/\" target=\"_blank\" rel=\"noopener noreferrer\"><img loading=\"lazy\" decoding=\"async\" src=\"https:\/\/cdn-images.mailchimp.com\/icons\/social-block-v2\/color-facebook-48.png\" alt=\"\" width=\"24\" height=\"24\" \/><\/a>\u00a0<a style=\"color: #202020; font-family: Verdana, Geneva, sans-serif; font-size: 11px; font-weight: bold; text-decoration: none; word-wrap: break-word; mso-line-height-rule: exactly; -ms-text-size-adjust: 100%; -webkit-text-size-adjust: 100%;\" href=\"https:\/\/www.facebook.com\/cinedansedanse\/\" target=\"_blank\" rel=\"noopener noreferrer\">Aimez notre page Facebook<\/a><\/p>\n<hr \/>\n","protected":false},"excerpt":{"rendered":"<p>Martine \u00c9poque, Catherine Gaudet, Clara Furey, les Dear Criminal, Pablo Diconca, Caroline Gravel, Katya Montaignac y seront, m\u00eame Francis and the Lights, Kanye West, Chance the Rapper, le jeune chor\u00e9graphe de l&#8217;heure isra\u00e9lien Mor Shani, Brigitte Bardot, Godard&#8230; Et vous?! Montr\u00e9al, le 27 juillet 2017 &#8211; Ce samedi soir 20h30, le March\u00e9 des Possibles du [&#8230;]\n","protected":false},"author":2,"featured_media":5400,"comment_status":"closed","ping_status":"closed","sticky":false,"template":"","format":"standard","meta":{"_acf_changed":false,"footnotes":""},"categories":[30],"tags":[],"class_list":["post-5397","post","type-post","status-publish","format-standard","has-post-thumbnail","hentry","category-events"],"acf":[],"yoast_head":"<!-- This site is optimized with the Yoast SEO plugin v27.5 - https:\/\/yoast.com\/product\/yoast-seo-wordpress\/ -->\n<title>Samedi soir, on \u00ab Cin\u00e9danse sous les \u00e9toiles \u00bb au March\u00e9 des Possibles du Mile-End ! | Cin\u00e9danse<\/title>\n<meta name=\"robots\" content=\"index, follow, max-snippet:-1, max-image-preview:large, max-video-preview:-1\" \/>\n<link rel=\"canonical\" href=\"https:\/\/www.cinedanse.ca\/en\/samedi-soir-on-cinedanse-sous-les-etoiles-au-marche-des-possibles-du-mile-end\/\" \/>\n<meta property=\"og:locale\" content=\"en_US\" \/>\n<meta property=\"og:type\" content=\"article\" \/>\n<meta property=\"og:title\" content=\"Samedi soir, on \u00ab Cin\u00e9danse sous les \u00e9toiles \u00bb au March\u00e9 des Possibles du Mile-End ! | Cin\u00e9danse\" \/>\n<meta property=\"og:description\" content=\"Martine \u00c9poque, Catherine Gaudet, Clara Furey, les Dear Criminal, Pablo Diconca, Caroline Gravel, Katya Montaignac y seront, m\u00eame Francis and the Lights, Kanye West, Chance the Rapper, le jeune chor\u00e9graphe de l&#8217;heure isra\u00e9lien Mor Shani, Brigitte Bardot, Godard&#8230; Et vous?! Montr\u00e9al, le 27 juillet 2017 &#8211; Ce samedi soir 20h30, le March\u00e9 des Possibles du [...]\" \/>\n<meta property=\"og:url\" content=\"https:\/\/www.cinedanse.ca\/en\/samedi-soir-on-cinedanse-sous-les-etoiles-au-marche-des-possibles-du-mile-end\/\" \/>\n<meta property=\"og:site_name\" content=\"Cin\u00e9danse\" \/>\n<meta property=\"article:publisher\" content=\"https:\/\/www.facebook.com\/cinedanse.ca\/\" \/>\n<meta property=\"article:published_time\" content=\"2017-07-26T00:03:43+00:00\" \/>\n<meta property=\"article:modified_time\" content=\"2019-07-18T12:36:02+00:00\" \/>\n<meta property=\"og:image\" content=\"https:\/\/www.cinedanse.ca\/wp-content\/uploads\/2017\/07\/ABISMO2-front.jpg\" \/>\n\t<meta property=\"og:image:width\" content=\"573\" \/>\n\t<meta property=\"og:image:height\" content=\"187\" \/>\n\t<meta property=\"og:image:type\" content=\"image\/jpeg\" \/>\n<meta name=\"author\" content=\"La caravane\" \/>\n<meta name=\"twitter:card\" content=\"summary_large_image\" \/>\n<meta name=\"twitter:label1\" content=\"Written by\" \/>\n\t<meta name=\"twitter:data1\" content=\"La caravane\" \/>\n\t<meta name=\"twitter:label2\" content=\"Est. reading time\" \/>\n\t<meta name=\"twitter:data2\" content=\"5 minutes\" \/>\n<script type=\"application\/ld+json\" class=\"yoast-schema-graph\">{\"@context\":\"https:\\\/\\\/schema.org\",\"@graph\":[{\"@type\":\"Article\",\"@id\":\"https:\\\/\\\/www.cinedanse.ca\\\/en\\\/samedi-soir-on-cinedanse-sous-les-etoiles-au-marche-des-possibles-du-mile-end\\\/#article\",\"isPartOf\":{\"@id\":\"https:\\\/\\\/www.cinedanse.ca\\\/en\\\/samedi-soir-on-cinedanse-sous-les-etoiles-au-marche-des-possibles-du-mile-end\\\/\"},\"author\":{\"name\":\"La caravane\",\"@id\":\"http:\\\/\\\/www.cinedanse.ca\\\/en\\\/#\\\/schema\\\/person\\\/05cbd113a0aba134091e57c4b5811578\"},\"headline\":\"Samedi soir, on \u00ab Cin\u00e9danse sous les \u00e9toiles \u00bb au March\u00e9 des Possibles du Mile-End !\",\"datePublished\":\"2017-07-26T00:03:43+00:00\",\"dateModified\":\"2019-07-18T12:36:02+00:00\",\"mainEntityOfPage\":{\"@id\":\"https:\\\/\\\/www.cinedanse.ca\\\/en\\\/samedi-soir-on-cinedanse-sous-les-etoiles-au-marche-des-possibles-du-mile-end\\\/\"},\"wordCount\":1000,\"image\":{\"@id\":\"https:\\\/\\\/www.cinedanse.ca\\\/en\\\/samedi-soir-on-cinedanse-sous-les-etoiles-au-marche-des-possibles-du-mile-end\\\/#primaryimage\"},\"thumbnailUrl\":\"https:\\\/\\\/www.cinedanse.ca\\\/wp-content\\\/uploads\\\/2017\\\/07\\\/ABISMO2-front.jpg\",\"articleSection\":[\"Events\"],\"inLanguage\":\"en-US\"},{\"@type\":\"WebPage\",\"@id\":\"https:\\\/\\\/www.cinedanse.ca\\\/en\\\/samedi-soir-on-cinedanse-sous-les-etoiles-au-marche-des-possibles-du-mile-end\\\/\",\"url\":\"https:\\\/\\\/www.cinedanse.ca\\\/en\\\/samedi-soir-on-cinedanse-sous-les-etoiles-au-marche-des-possibles-du-mile-end\\\/\",\"name\":\"Samedi soir, on \u00ab Cin\u00e9danse sous les \u00e9toiles \u00bb au March\u00e9 des Possibles du Mile-End ! | Cin\u00e9danse\",\"isPartOf\":{\"@id\":\"http:\\\/\\\/www.cinedanse.ca\\\/en\\\/#website\"},\"primaryImageOfPage\":{\"@id\":\"https:\\\/\\\/www.cinedanse.ca\\\/en\\\/samedi-soir-on-cinedanse-sous-les-etoiles-au-marche-des-possibles-du-mile-end\\\/#primaryimage\"},\"image\":{\"@id\":\"https:\\\/\\\/www.cinedanse.ca\\\/en\\\/samedi-soir-on-cinedanse-sous-les-etoiles-au-marche-des-possibles-du-mile-end\\\/#primaryimage\"},\"thumbnailUrl\":\"https:\\\/\\\/www.cinedanse.ca\\\/wp-content\\\/uploads\\\/2017\\\/07\\\/ABISMO2-front.jpg\",\"datePublished\":\"2017-07-26T00:03:43+00:00\",\"dateModified\":\"2019-07-18T12:36:02+00:00\",\"author\":{\"@id\":\"http:\\\/\\\/www.cinedanse.ca\\\/en\\\/#\\\/schema\\\/person\\\/05cbd113a0aba134091e57c4b5811578\"},\"breadcrumb\":{\"@id\":\"https:\\\/\\\/www.cinedanse.ca\\\/en\\\/samedi-soir-on-cinedanse-sous-les-etoiles-au-marche-des-possibles-du-mile-end\\\/#breadcrumb\"},\"inLanguage\":\"en-US\",\"potentialAction\":[{\"@type\":\"ReadAction\",\"target\":[\"https:\\\/\\\/www.cinedanse.ca\\\/en\\\/samedi-soir-on-cinedanse-sous-les-etoiles-au-marche-des-possibles-du-mile-end\\\/\"]}]},{\"@type\":\"ImageObject\",\"inLanguage\":\"en-US\",\"@id\":\"https:\\\/\\\/www.cinedanse.ca\\\/en\\\/samedi-soir-on-cinedanse-sous-les-etoiles-au-marche-des-possibles-du-mile-end\\\/#primaryimage\",\"url\":\"https:\\\/\\\/www.cinedanse.ca\\\/wp-content\\\/uploads\\\/2017\\\/07\\\/ABISMO2-front.jpg\",\"contentUrl\":\"https:\\\/\\\/www.cinedanse.ca\\\/wp-content\\\/uploads\\\/2017\\\/07\\\/ABISMO2-front.jpg\",\"width\":573,\"height\":187},{\"@type\":\"BreadcrumbList\",\"@id\":\"https:\\\/\\\/www.cinedanse.ca\\\/en\\\/samedi-soir-on-cinedanse-sous-les-etoiles-au-marche-des-possibles-du-mile-end\\\/#breadcrumb\",\"itemListElement\":[{\"@type\":\"ListItem\",\"position\":1,\"name\":\"Accueil\",\"item\":\"http:\\\/\\\/www.cinedanse.ca\\\/en\\\/\"},{\"@type\":\"ListItem\",\"position\":2,\"name\":\"Samedi soir, on \u00ab Cin\u00e9danse sous les \u00e9toiles \u00bb au March\u00e9 des Possibles du Mile-End !\"}]},{\"@type\":\"WebSite\",\"@id\":\"http:\\\/\\\/www.cinedanse.ca\\\/en\\\/#website\",\"url\":\"http:\\\/\\\/www.cinedanse.ca\\\/en\\\/\",\"name\":\"Cin\u00e9danse\",\"description\":\"Because our world truly needs to dance!\",\"alternateName\":\"Cin\u00e9danse\",\"potentialAction\":[{\"@type\":\"SearchAction\",\"target\":{\"@type\":\"EntryPoint\",\"urlTemplate\":\"http:\\\/\\\/www.cinedanse.ca\\\/en\\\/?s={search_term_string}\"},\"query-input\":{\"@type\":\"PropertyValueSpecification\",\"valueRequired\":true,\"valueName\":\"search_term_string\"}}],\"inLanguage\":\"en-US\"},{\"@type\":\"Person\",\"@id\":\"http:\\\/\\\/www.cinedanse.ca\\\/en\\\/#\\\/schema\\\/person\\\/05cbd113a0aba134091e57c4b5811578\",\"name\":\"La caravane\",\"image\":{\"@type\":\"ImageObject\",\"inLanguage\":\"en-US\",\"@id\":\"https:\\\/\\\/secure.gravatar.com\\\/avatar\\\/833b55cd23a84372d165538aedeb731e048bb13d8bdb6202f8ae32ea32032ded?s=96&d=mm&r=g\",\"url\":\"https:\\\/\\\/secure.gravatar.com\\\/avatar\\\/833b55cd23a84372d165538aedeb731e048bb13d8bdb6202f8ae32ea32032ded?s=96&d=mm&r=g\",\"contentUrl\":\"https:\\\/\\\/secure.gravatar.com\\\/avatar\\\/833b55cd23a84372d165538aedeb731e048bb13d8bdb6202f8ae32ea32032ded?s=96&d=mm&r=g\",\"caption\":\"La caravane\"}}]}<\/script>\n<!-- \/ Yoast SEO plugin. -->","yoast_head_json":{"title":"Samedi soir, on \u00ab Cin\u00e9danse sous les \u00e9toiles \u00bb au March\u00e9 des Possibles du Mile-End ! | Cin\u00e9danse","robots":{"index":"index","follow":"follow","max-snippet":"max-snippet:-1","max-image-preview":"max-image-preview:large","max-video-preview":"max-video-preview:-1"},"canonical":"https:\/\/www.cinedanse.ca\/en\/samedi-soir-on-cinedanse-sous-les-etoiles-au-marche-des-possibles-du-mile-end\/","og_locale":"en_US","og_type":"article","og_title":"Samedi soir, on \u00ab Cin\u00e9danse sous les \u00e9toiles \u00bb au March\u00e9 des Possibles du Mile-End ! | Cin\u00e9danse","og_description":"Martine \u00c9poque, Catherine Gaudet, Clara Furey, les Dear Criminal, Pablo Diconca, Caroline Gravel, Katya Montaignac y seront, m\u00eame Francis and the Lights, Kanye West, Chance the Rapper, le jeune chor\u00e9graphe de l&#8217;heure isra\u00e9lien Mor Shani, Brigitte Bardot, Godard&#8230; Et vous?! Montr\u00e9al, le 27 juillet 2017 &#8211; Ce samedi soir 20h30, le March\u00e9 des Possibles du [...]","og_url":"https:\/\/www.cinedanse.ca\/en\/samedi-soir-on-cinedanse-sous-les-etoiles-au-marche-des-possibles-du-mile-end\/","og_site_name":"Cin\u00e9danse","article_publisher":"https:\/\/www.facebook.com\/cinedanse.ca\/","article_published_time":"2017-07-26T00:03:43+00:00","article_modified_time":"2019-07-18T12:36:02+00:00","og_image":[{"width":573,"height":187,"url":"https:\/\/www.cinedanse.ca\/wp-content\/uploads\/2017\/07\/ABISMO2-front.jpg","type":"image\/jpeg"}],"author":"La caravane","twitter_card":"summary_large_image","twitter_misc":{"Written by":"La caravane","Est. reading time":"5 minutes"},"schema":{"@context":"https:\/\/schema.org","@graph":[{"@type":"Article","@id":"https:\/\/www.cinedanse.ca\/en\/samedi-soir-on-cinedanse-sous-les-etoiles-au-marche-des-possibles-du-mile-end\/#article","isPartOf":{"@id":"https:\/\/www.cinedanse.ca\/en\/samedi-soir-on-cinedanse-sous-les-etoiles-au-marche-des-possibles-du-mile-end\/"},"author":{"name":"La caravane","@id":"http:\/\/www.cinedanse.ca\/en\/#\/schema\/person\/05cbd113a0aba134091e57c4b5811578"},"headline":"Samedi soir, on \u00ab Cin\u00e9danse sous les \u00e9toiles \u00bb au March\u00e9 des Possibles du Mile-End !","datePublished":"2017-07-26T00:03:43+00:00","dateModified":"2019-07-18T12:36:02+00:00","mainEntityOfPage":{"@id":"https:\/\/www.cinedanse.ca\/en\/samedi-soir-on-cinedanse-sous-les-etoiles-au-marche-des-possibles-du-mile-end\/"},"wordCount":1000,"image":{"@id":"https:\/\/www.cinedanse.ca\/en\/samedi-soir-on-cinedanse-sous-les-etoiles-au-marche-des-possibles-du-mile-end\/#primaryimage"},"thumbnailUrl":"https:\/\/www.cinedanse.ca\/wp-content\/uploads\/2017\/07\/ABISMO2-front.jpg","articleSection":["Events"],"inLanguage":"en-US"},{"@type":"WebPage","@id":"https:\/\/www.cinedanse.ca\/en\/samedi-soir-on-cinedanse-sous-les-etoiles-au-marche-des-possibles-du-mile-end\/","url":"https:\/\/www.cinedanse.ca\/en\/samedi-soir-on-cinedanse-sous-les-etoiles-au-marche-des-possibles-du-mile-end\/","name":"Samedi soir, on \u00ab Cin\u00e9danse sous les \u00e9toiles \u00bb au March\u00e9 des Possibles du Mile-End ! | Cin\u00e9danse","isPartOf":{"@id":"http:\/\/www.cinedanse.ca\/en\/#website"},"primaryImageOfPage":{"@id":"https:\/\/www.cinedanse.ca\/en\/samedi-soir-on-cinedanse-sous-les-etoiles-au-marche-des-possibles-du-mile-end\/#primaryimage"},"image":{"@id":"https:\/\/www.cinedanse.ca\/en\/samedi-soir-on-cinedanse-sous-les-etoiles-au-marche-des-possibles-du-mile-end\/#primaryimage"},"thumbnailUrl":"https:\/\/www.cinedanse.ca\/wp-content\/uploads\/2017\/07\/ABISMO2-front.jpg","datePublished":"2017-07-26T00:03:43+00:00","dateModified":"2019-07-18T12:36:02+00:00","author":{"@id":"http:\/\/www.cinedanse.ca\/en\/#\/schema\/person\/05cbd113a0aba134091e57c4b5811578"},"breadcrumb":{"@id":"https:\/\/www.cinedanse.ca\/en\/samedi-soir-on-cinedanse-sous-les-etoiles-au-marche-des-possibles-du-mile-end\/#breadcrumb"},"inLanguage":"en-US","potentialAction":[{"@type":"ReadAction","target":["https:\/\/www.cinedanse.ca\/en\/samedi-soir-on-cinedanse-sous-les-etoiles-au-marche-des-possibles-du-mile-end\/"]}]},{"@type":"ImageObject","inLanguage":"en-US","@id":"https:\/\/www.cinedanse.ca\/en\/samedi-soir-on-cinedanse-sous-les-etoiles-au-marche-des-possibles-du-mile-end\/#primaryimage","url":"https:\/\/www.cinedanse.ca\/wp-content\/uploads\/2017\/07\/ABISMO2-front.jpg","contentUrl":"https:\/\/www.cinedanse.ca\/wp-content\/uploads\/2017\/07\/ABISMO2-front.jpg","width":573,"height":187},{"@type":"BreadcrumbList","@id":"https:\/\/www.cinedanse.ca\/en\/samedi-soir-on-cinedanse-sous-les-etoiles-au-marche-des-possibles-du-mile-end\/#breadcrumb","itemListElement":[{"@type":"ListItem","position":1,"name":"Accueil","item":"http:\/\/www.cinedanse.ca\/en\/"},{"@type":"ListItem","position":2,"name":"Samedi soir, on \u00ab Cin\u00e9danse sous les \u00e9toiles \u00bb au March\u00e9 des Possibles du Mile-End !"}]},{"@type":"WebSite","@id":"http:\/\/www.cinedanse.ca\/en\/#website","url":"http:\/\/www.cinedanse.ca\/en\/","name":"Cin\u00e9danse","description":"Because our world truly needs to dance!","alternateName":"Cin\u00e9danse","potentialAction":[{"@type":"SearchAction","target":{"@type":"EntryPoint","urlTemplate":"http:\/\/www.cinedanse.ca\/en\/?s={search_term_string}"},"query-input":{"@type":"PropertyValueSpecification","valueRequired":true,"valueName":"search_term_string"}}],"inLanguage":"en-US"},{"@type":"Person","@id":"http:\/\/www.cinedanse.ca\/en\/#\/schema\/person\/05cbd113a0aba134091e57c4b5811578","name":"La caravane","image":{"@type":"ImageObject","inLanguage":"en-US","@id":"https:\/\/secure.gravatar.com\/avatar\/833b55cd23a84372d165538aedeb731e048bb13d8bdb6202f8ae32ea32032ded?s=96&d=mm&r=g","url":"https:\/\/secure.gravatar.com\/avatar\/833b55cd23a84372d165538aedeb731e048bb13d8bdb6202f8ae32ea32032ded?s=96&d=mm&r=g","contentUrl":"https:\/\/secure.gravatar.com\/avatar\/833b55cd23a84372d165538aedeb731e048bb13d8bdb6202f8ae32ea32032ded?s=96&d=mm&r=g","caption":"La caravane"}}]}},"_links":{"self":[{"href":"https:\/\/www.cinedanse.ca\/en\/wp-json\/wp\/v2\/posts\/5397","targetHints":{"allow":["GET"]}}],"collection":[{"href":"https:\/\/www.cinedanse.ca\/en\/wp-json\/wp\/v2\/posts"}],"about":[{"href":"https:\/\/www.cinedanse.ca\/en\/wp-json\/wp\/v2\/types\/post"}],"author":[{"embeddable":true,"href":"https:\/\/www.cinedanse.ca\/en\/wp-json\/wp\/v2\/users\/2"}],"replies":[{"embeddable":true,"href":"https:\/\/www.cinedanse.ca\/en\/wp-json\/wp\/v2\/comments?post=5397"}],"version-history":[{"count":0,"href":"https:\/\/www.cinedanse.ca\/en\/wp-json\/wp\/v2\/posts\/5397\/revisions"}],"wp:featuredmedia":[{"embeddable":true,"href":"https:\/\/www.cinedanse.ca\/en\/wp-json\/wp\/v2\/media\/5400"}],"wp:attachment":[{"href":"https:\/\/www.cinedanse.ca\/en\/wp-json\/wp\/v2\/media?parent=5397"}],"wp:term":[{"taxonomy":"category","embeddable":true,"href":"https:\/\/www.cinedanse.ca\/en\/wp-json\/wp\/v2\/categories?post=5397"},{"taxonomy":"post_tag","embeddable":true,"href":"https:\/\/www.cinedanse.ca\/en\/wp-json\/wp\/v2\/tags?post=5397"}],"curies":[{"name":"wp","href":"https:\/\/api.w.org\/{rel}","templated":true}]}}