{"id":24721,"date":"2024-05-01T17:47:41","date_gmt":"2024-05-01T21:47:41","guid":{"rendered":"https:\/\/www.cinedanse.ca\/?p=24721"},"modified":"2025-05-29T16:27:43","modified_gmt":"2025-05-29T20:27:43","slug":"the-faun-dance-pakutishkuauat-nimuat-in-sept-iles","status":"publish","type":"post","link":"https:\/\/www.cinedanse.ca\/en\/the-faun-dance-pakutishkuauat-nimuat-in-sept-iles\/","title":{"rendered":"The faun dance\/Pakutishkuauat Nimuat in Sept-\u00celes"},"content":{"rendered":"<div class=\"row\"  id=\"row-653505010\">\n\n\t<div id=\"col-444517096\" class=\"col small-12 large-12\"  >\n\t\t\t\t<div class=\"col-inner\"  >\n\t\t\t\n\t\t\t\n\t<div id=\"text-4166284452\" class=\"text titresEvenements\">\n\t\t\n<h2 style=\"color: #ff4250;\">Workshops &amp; projections : The faun dance\/Pakutishkuauat Nimuat in Sept-\u00celes, from May 22 to 25<\/h2>\n\t\t\t<\/div>\n\t\n\t<div id=\"gap-1421985478\" class=\"gap-element clearfix\" style=\"display:block; height:auto;\">\n\t\t\n<style>\n#gap-1421985478 {\n  padding-top: 15px;\n}\n<\/style>\n\t<\/div>\n\t\n\t<div id=\"text-1652764821\" class=\"text adresseEvenements\">\n\t\t\n<h3 style=\"font-weight: 500;\">Montr\u00e9al, Thursday, May 9th 2024<\/h3>\n\t\t\t<\/div>\n\t\n\t\t<\/div>\n\t\t\t\t\t<\/div>\n\n\t\n\n<style>\n#row-653505010 > .col > .col-inner {\n  padding: 1em 0px 0.05em 0px;\n}\n<\/style>\n<\/div>\n<div class=\"row\"  id=\"row-1603867160\">\n\n\t<div id=\"col-1599352632\" class=\"col small-12 large-12\"  >\n\t\t\t\t<div class=\"col-inner\"  >\n\t\t\t\n\t\t\t\n<p>In the build-up to the festival in July, Cin\u00e9danse is inviting people with cerebral palsy and motor disorders, as well as artists, researchers, healthcare professionals and the general public on the North Shore, to take part of<strong> free workshops The faun dance\/Pakutishkuauat nimuat<\/strong>, with New York choreographer Tamar Rogoff from May 22 to 25 at Mus\u00e9e Shaputuan in Uashat and Studio de danse &#8211; Fandango, in Sept-\u00celes.<\/p>\n\t\t<\/div>\n\t\t\t\t\t<\/div>\n\n\t\n\n\t<div id=\"col-1100256564\" class=\"col small-12 large-12\"  >\n\t\t\t\t<div class=\"col-inner\"  >\n\t\t\t\n\t\t\t\n<blockquote><p>&#8220;The intelligence of the body is great, unsuspected. It often cannot be explained. Dance, artistic creation and patient work with the body can reinvent beings, releasing tensions that have always been buried. Science remains seized by phenomena of rebirth&#8221;<\/p><\/blockquote>\n<p>&#8211; Sylvain Bleau, directeur of La Caravane de Phoebus, producer of Cin\u00e9danse.<\/p>\n\t\t<\/div>\n\t\t\t\t\t<\/div>\n\n\t\n<\/div>\n\t<div id=\"gap-43785231\" class=\"gap-element clearfix\" style=\"display:block; height:auto;\">\n\t\t\n<style>\n#gap-43785231 {\n  padding-top: 15px;\n}\n<\/style>\n\t<\/div>\n\t\n<div class=\"row\"  id=\"row-1331709203\">\n\n\t<div id=\"col-2142245083\" class=\"col small-12 large-12\"  >\n\t\t\t\t<div class=\"col-inner\"  >\n\t\t\t\n\t\t\t\n\t<div id=\"text-2348311328\" class=\"text titresEvenements\">\n\t\t\n<h2>Free screening open to the public<\/h2>\n\t\t\t<\/div>\n\t\n\t\t<\/div>\n\t\t\t\t\t<\/div>\n\n\t\n\n<style>\n#row-1331709203 > .col > .col-inner {\n  padding: 1em 1em 0.05em 1em;\n  background-color: rgb(0,0,0);\n}\n<\/style>\n<\/div>\n<div class=\"row\"  id=\"row-1703763188\">\n\n\t<div id=\"col-1272328193\" class=\"col small-12 large-12\"  >\n\t\t\t\t<div class=\"col-inner\"  >\n\t\t\t\n\t\t\t\n\t<div id=\"text-290420839\" class=\"text adresseEvenements\">\n\t\t\n<p><strong>Wednesday May 22 at 7pm in Mus\u00e9e Shaputuan<\/strong>. 290 Bd des Montagnais, Sept-Rivi\u00e8res (Uashat)<br \/>\n\t\t\t<\/div>\n\t\n\t\t<\/div>\n\t\t\t\t\n<style>\n#col-1272328193 > .col-inner {\n  padding: 0px 0px 0px 0px;\n  margin: 0px 0px 0px 0px;\n}\n<\/style>\n\t<\/div>\n\n\t\n\n\t<div id=\"col-325745287\" class=\"col small-12 large-12\"  >\n\t\t\t\t<div class=\"col-inner\"  >\n\t\t\t\n\t\t\t\n\t<div id=\"text-1987947407\" class=\"text titresEvenements\">\n\t\t\n<h2 style=\"color: #ff4250; text-transform: none;\">\u00ab Enter faun \u00bb : a powerful documentary !<\/h2>\n\t\t\t<\/div>\n\t\n\t\t<\/div>\n\t\t\t\t\n<style>\n#col-325745287 > .col-inner {\n  padding: 0px 0px 0px 0px;\n  margin: 0px 0px 0px 0px;\n}\n<\/style>\n\t<\/div>\n\n\t\n\n\t<div id=\"col-337255174\" class=\"col medium-6 small-12 large-6\"  >\n\t\t\t\t<div class=\"col-inner\"  >\n\t\t\t\n\t\t\t\n<p>New York choreographer Tamar Rogoff wanted to create a new version of L&#8217;Apr\u00e8s-midi d&#8217;un faune (1912), Vaslav Nijinsky&#8217;s landmark piece created by Diaghilev&#8217;s famous Ballets Russes. She chose to work with the young actor Greg Mozgala, who suffers from cerebral palsy, to interpret the faun.<\/p>\n\t\t<\/div>\n\t\t\t\t\t<\/div>\n\n\t\n\n\t<div id=\"col-583827848\" class=\"col medium-6 small-12 large-6\"  >\n\t\t\t\t<div class=\"col-inner\"  >\n\t\t\t\n\t\t\t\n<p>Tamar Rogoff adapted her creative and teaching techniques to Gregg Mozgala&#8217;s physical condition, and he agreed to submit his body and mind to her choreographer&#8217;s designs. Together, they reinvented their practice and their very existence.<\/p>\n\t\t<\/div>\n\t\t\t\t\t<\/div>\n\n\t\n\n\t<div id=\"col-963914134\" class=\"col small-12 large-12\"  >\n\t\t\t\t<div class=\"col-inner\"  >\n\t\t\t\n\t\t\t\n<p><strong>Directed by :<\/strong> Tamar Rogoff &amp; Daisy Wright | US | 2015 | 68mn<\/p>\n\t\t<\/div>\n\t\t\t\t\n<style>\n#col-963914134 > .col-inner {\n  padding: 0px 0px 0px 0px;\n  margin: 0px 0px 0px 0px;\n}\n<\/style>\n\t<\/div>\n\n\t\n<\/div>\n<div class=\"video video-fit mb\" style=\"padding-top:56.25%;\"><p><iframe loading=\"lazy\" title=\"ENTER THE FAUN Trailer\" width=\"1020\" height=\"574\" src=\"https:\/\/www.youtube.com\/embed\/cg4CjqnyY3k?feature=oembed\" frameborder=\"0\" allow=\"accelerometer; autoplay; clipboard-write; encrypted-media; gyroscope; picture-in-picture; web-share\" referrerpolicy=\"strict-origin-when-cross-origin\" allowfullscreen><\/iframe><\/p>\n<\/div>\n\t<div id=\"gap-2097799104\" class=\"gap-element clearfix\" style=\"display:block; height:auto;\">\n\t\t\n<style>\n#gap-2097799104 {\n  padding-top: 30px;\n}\n<\/style>\n\t<\/div>\n\t\n<div class=\"row\"  id=\"row-676895707\">\n\n\t<div id=\"col-1139170954\" class=\"col suite small-12 large-12\"  >\n\t\t\t\t<div class=\"col-inner\"  >\n\t\t\t\n\t\t\t\n\t<div id=\"text-3511815261\" class=\"text titresEvenements\">\n\t\t\n<h2>Free workshops<\/h2>\n\t\t\t<\/div>\n\t\n\t\t<\/div>\n\t\t\t\t\t<\/div>\n\n\t\n\n<style>\n#row-676895707 > .col > .col-inner {\n  padding: 1em 1em 0.05em 1em;\n  background-color: rgb(0,0,0);\n}\n<\/style>\n<\/div>\n<div class=\"row\"  id=\"row-233804875\">\n\n\t<div id=\"col-2014468857\" class=\"col small-12 large-12\"  >\n\t\t\t\t<div class=\"col-inner\"  >\n\t\t\t\n\t\t\t\n\t<div id=\"text-365466039\" class=\"text titresEvenements\">\n\t\t\n<h2 style=\"color: #ff4250; text-transform: none;\">Free workshops for people with cerebral palsy, motor disorders, artists, researchers, healthcare professionals and the general public.<\/h2>\n\t\t\t<\/div>\n\t\n\t\t<\/div>\n\t\t\t\t\n<style>\n#col-2014468857 > .col-inner {\n  padding: 0px 0px 0px 0px;\n  margin: 0px 0px 0px 0px;\n}\n<\/style>\n\t<\/div>\n\n\t\n\n\t<div id=\"col-1535186443\" class=\"col medium-6 small-12 large-6\"  >\n\t\t\t\t<div class=\"col-inner\"  >\n\t\t\t\n\t\t\t\n<p>Tamar Rogoff will offer a program of exercises through which participants will experience a new approach to managing their motor skills. Like Gregg Mozgala, who learned to break with motor habits engendered by cerebral palsy, participants will be led to discover parts of their body over which they previously had little control, and which can be sources of motor rehabilitation.<\/p>\n\t\t<\/div>\n\t\t\t\t\t<\/div>\n\n\t\n\n\t<div id=\"col-747340050\" class=\"col medium-6 small-12 large-6\"  >\n\t\t\t\t<div class=\"col-inner\"  >\n\t\t\t\n\t\t\t\n<p>Certain exercises, based on the brain&#8217;s neuroplasticity, aim to break with acquired routines in the way we move and explore new avenues in motor control. Participants will also discover the <strong>\u201cinvoluntary shaking\u201d<\/strong> technique, in which muscle relaxation reduces tension in the body, while reducing pain signals and increasing feelings of well-being.<\/p>\n\t\t<\/div>\n\t\t\t\t\t<\/div>\n\n\t\n\n\t<div id=\"col-680570671\" class=\"col small-12 large-12\"  >\n\t\t\t\t<div class=\"col-inner\"  >\n\t\t\t\n\t\t\t\n<p>Multidisciplinary artist Johanne Roussy, from Sept-\u00celes, will accompany and assist Tamar Roggoff throughout her visit.<\/p>\n[\/ux_text]\n\t<div id=\"gap-1295506600\" class=\"gap-element clearfix\" style=\"display:block; height:auto;\">\n\t\t\n<style>\n#gap-1295506600 {\n  padding-top: 30px;\n}\n<\/style>\n\t<\/div>\n\t\n\t<div id=\"gap-743508568\" class=\"gap-element clearfix\" style=\"display:block; height:auto;\">\n\t\t\n<style>\n#gap-743508568 {\n  padding-top: 15px;\n}\n<\/style>\n\t<\/div>\n\t\n<div class=\"row\"  id=\"row-182645513\">\n\n\t<div id=\"col-701261211\" class=\"col small-12 large-12\"  >\n\t\t\t\t<div class=\"col-inner\"  >\n\t\t\t\n\t\t\t\n\t<div id=\"text-396790213\" class=\"text adresseEvenements\">\n\t\t\t\t\t<\/div>\n\t\n<p>Our partnership with <strong>Culture C\u00f4te-Nord (CCN)<\/strong> will enable local artists to benefit from CCN&#8217;s individual development assistance, which will cover a significant portion of your travel, accommodation and meal expenses.<\/p>\n[\/col_inner_1]\n\n\t<div id=\"col-165467306\" class=\"col medium-6 small-12 large-6\"  >\n\t\t\t\t<div class=\"col-inner\"  >\n\t\t\t\n\t\t\t\n<p>In addition to her program, Tamar Rogoff will visit Jean-du-Nord high school to present her film on Thursday, May 23, from 11:45 a.m. to 1 p.m., as well as a workshop on Friday, May 24, from 11:45 a.m. to 1 p.m., in the agora.<\/p>\n\t\t<\/div>\n\t\t\t\t\t<\/div>\n\n\t\n[\/row_inner_1]\n<div class=\"is-divider divider clearfix\" ><\/div>\n<div class=\"row\"  id=\"row-1552417605\">\n\n\t<div id=\"col-173804387\" class=\"col medium-6 small-12 large-6\"  >\n\t\t\t\t<div class=\"col-inner\"  >\n\t\t\t\n\t\t\t\n\t<div class=\"img has-hover x md-x lg-x y md-y lg-y\" id=\"image_72785848\">\n\t\t\t\t\t\t\t\t<div class=\"img-inner dark\" >\n\t\t\t<img loading=\"lazy\" decoding=\"async\" width=\"395\" height=\"429\" src=\"https:\/\/www.cinedanse.ca\/wp-content\/uploads\/2024\/05\/tamar-rogoff.jpg\" class=\"attachment-large size-large\" alt=\"\" srcset=\"https:\/\/www.cinedanse.ca\/wp-content\/uploads\/2024\/05\/tamar-rogoff.jpg 395w, https:\/\/www.cinedanse.ca\/wp-content\/uploads\/2024\/05\/tamar-rogoff-276x300.jpg 276w\" sizes=\"auto, (max-width: 395px) 100vw, 395px\" \/>\t\t\t\t\t\t\n\t\t\t\t\t<\/div>\n\t\t\t\t\t\t\t\t\n<style>\n#image_72785848 {\n  width: 100%;\n}\n<\/style>\n\t<\/div>\n\t\n\t\t<\/div>\n\t\t\t\t\t<\/div>\n\n\t\n\n\t<div id=\"col-949684629\" class=\"col medium-6 small-12 large-6\"  >\n\t\t\t\t<div class=\"col-inner\"  >\n\t\t\t\n\t\t\t\n<p><strong>About Tamar Rogoff <\/strong><\/p>\n<p>New York choreographer Tamar Rogoff explores the limits of human beings confronted with the extreme circumstances of their existence. She has worked with members of the community of her ancestors who died in the Holocaust, war veterans suffering from post-traumatic stress disorder, actress Claire Daines (Homeland), with whom she has collaborated many times, and young actor Gregg Mozgala, who suffers from cerebral palsy. Tamar Rogoff and Gregg Mozgala are invited all over the world to share their experience.<\/p>\n\t\t<\/div>\n\t\t\t\t\t<\/div>\n\n\t\n<\/div>\n\t\t<\/div>\n\t\t\t\t\n<style>\n#col-701261211 > .col-inner {\n  padding: 0px 0px 0px 0px;\n  margin: 0px 0px 0px 0px;\n}\n<\/style>\n\t<\/div>\n\n\t\n\n<style>\n#row-182645513 > .col > .col-inner {\n  padding: 15px 20px 5px 20px;\n  background-color: rgb(228, 228, 228);\n}\n<\/style>\n<\/div>\n\t\t<\/div>\n\t\t\t\t\n<style>\n#col-680570671 > .col-inner {\n  padding: 0px 0px 0px 0px;\n  margin: 0px 0px 0px 0px;\n}\n<\/style>\n\t<\/div>\n\n\t\n<\/div>\n<div class=\"row\"  id=\"row-1064025944\">\n\n\t<div id=\"col-1174685117\" class=\"col suite small-12 large-12\"  >\n\t\t\t\t<div class=\"col-inner\"  >\n\t\t\t\n\t\t\t\n\t<div id=\"text-3936988847\" class=\"text titresEvenements\">\n\t\t\n<h2>Thanks to all our partners!<\/h2>\n\t\t\t<\/div>\n\t\n\t\t<\/div>\n\t\t\t\t\t<\/div>\n\n\t\n\n<style>\n#row-1064025944 > .col > .col-inner {\n  padding: 1em 1em 0.05em 1em;\n  background-color: rgb(0,0,0);\n}\n<\/style>\n<\/div>\n<div class=\"row\"  id=\"row-2137116016\">\n\n\t<div id=\"col-1556552780\" class=\"col small-12 large-12\"  >\n\t\t\t\t<div class=\"col-inner\"  >\n\t\t\t\n\t\t\t\n\t<div id=\"gap-159575089\" class=\"gap-element clearfix\" style=\"display:block; height:auto;\">\n\t\t\n<style>\n#gap-159575089 {\n  padding-top: 10px;\n}\n<\/style>\n\t<\/div>\n\t\n<div class=\"row\"  id=\"row-1573556601\">\n\n\t<div id=\"col-530602738\" class=\"col medium-6 small-12 large-6\"  >\n\t\t\t\t<div class=\"col-inner\"  >\n\t\t\t\n\t\t\t\n<p>Canadian Heritage, Employment and Social Development Canada, Minist\u00e8re du Travail, de l&#8217;Emploi et de la Solidarit\u00e9 sociale du Qu\u00e9bec, Minist\u00e8re des Relations internationales et de la Francophonie du Qu\u00e9bec, Consulat G\u00e9n\u00e9ral de France \u00e0 Qu\u00e9bec, Cin\u00e9-Corps (France),<\/p>\n\t\t<\/div>\n\t\t\t\t\t<\/div>\n\n\t\n\n\t<div id=\"col-290438004\" class=\"col medium-6 small-12 large-6\"  >\n\t\t\t\t<div class=\"col-inner\"  >\n\t\t\t\n\t\t\t\n<p>L&#8217;Atelier de la 8e \u00eele, C\u00f4te-Nord Regional Museum and its Chapelle du Vieux-Poste, Shaputuan Museum, Escale Musicale of the City of Sept-\u00celes and its Tente jaune, C\u00e9gep of Sept-\u00celes, Culture C\u00f4te-Nord, dance and yoga school &#8211; Fandango, AFUSI &#8211; Association des Femmes Unies of Sept-\u00celes, Alpha Lira Center, Jean-du-Nord High School, Petrie Raymond.<\/p>\n\t<div id=\"gap-1318840487\" class=\"gap-element clearfix\" style=\"display:block; height:auto;\">\n\t\t\n<style>\n#gap-1318840487 {\n  padding-top: 15px;\n}\n<\/style>\n\t<\/div>\n\t\n\t\t<\/div>\n\t\t\t\t\t<\/div>\n\n\t\n<\/div>\n\t<div class=\"img has-hover x md-x lg-x y md-y lg-y\" id=\"image_1284627804\">\n\t\t\t\t\t\t\t\t<div class=\"img-inner dark\" >\n\t\t\t<img loading=\"lazy\" decoding=\"async\" width=\"943\" height=\"327\" src=\"https:\/\/www.cinedanse.ca\/wp-content\/uploads\/2024\/05\/bandelogos-mailchimp-1.jpg\" class=\"attachment-large size-large\" alt=\"\" srcset=\"https:\/\/www.cinedanse.ca\/wp-content\/uploads\/2024\/05\/bandelogos-mailchimp-1.jpg 943w, https:\/\/www.cinedanse.ca\/wp-content\/uploads\/2024\/05\/bandelogos-mailchimp-1-300x104.jpg 300w, https:\/\/www.cinedanse.ca\/wp-content\/uploads\/2024\/05\/bandelogos-mailchimp-1-768x266.jpg 768w\" sizes=\"auto, (max-width: 943px) 100vw, 943px\" \/>\t\t\t\t\t\t\n\t\t\t\t\t<\/div>\n\t\t\t\t\t\t\t\t\n<style>\n#image_1284627804 {\n  width: 100%;\n}\n<\/style>\n\t<\/div>\n\t\n\t\t<\/div>\n\t\t\t\t\t<\/div>\n\n\t\n<\/div>\n<div class=\"row\"  id=\"row-1688635719\">\n\n\t<div id=\"col-561505728\" class=\"col suite small-12 large-12\"  >\n\t\t\t\t<div class=\"col-inner\"  >\n\t\t\t\n\t\t\t\n\t<div id=\"text-408723699\" class=\"text titresEvenements\">\n\t\t\n<h2>About Cin\u00e9danse<\/h2>\n\t\t\t<\/div>\n\t\n\t\t<\/div>\n\t\t\t\t\t<\/div>\n\n\t\n\n<style>\n#row-1688635719 > .col > .col-inner {\n  padding: 1em 1em 0.05em 1em;\n  background-color: rgb(0,0,0);\n}\n<\/style>\n<\/div>\n<div class=\"row\"  id=\"row-1894938319\">\n\n\t<div id=\"col-1154958388\" class=\"col small-12 large-12\"  >\n\t\t\t\t<div class=\"col-inner\"  >\n\t\t\t\n\t\t\t\n\t<div id=\"gap-320838529\" class=\"gap-element clearfix\" style=\"display:block; height:auto;\">\n\t\t\n<style>\n#gap-320838529 {\n  padding-top: 10px;\n}\n<\/style>\n\t<\/div>\n\t\n<div class=\"row\"  id=\"row-664499838\">\n\n\t<div id=\"col-1500032675\" class=\"col medium-6 small-12 large-6\"  >\n\t\t\t\t<div class=\"col-inner\"  >\n\t\t\t\n\t\t\t\n<p>Founded by Sylvain Bleau thirteen years ago, La Caravane de Ph\u0153bus, an organization driven by humanist and progressive values &#8211; producer of the Cin\u00e9danse event and related activities, works in dance and many other disciplines that revolve around it: cinema, visual arts, digital arts and poetry.<\/p>\n\t\t<\/div>\n\t\t\t\t\t<\/div>\n\n\t\n\n\t<div id=\"col-123847863\" class=\"col medium-6 small-12 large-6\"  >\n\t\t\t\t<div class=\"col-inner\"  >\n\t\t\t\n\t\t\t\n<p>Cin\u00e9danse began in Montreal in 2012, then travelled to Quebec City in 2015, Ottawa in 2019 and Rouyn-Noranda in 2022, under the theme \u201cLoving, aging and dancing! The 5th edition of Cin\u00e9danse took place in Caraquet in 2023 under the theme \u201cL&#8217;\u00e9veil de la M\u00e9duse!\u201d, and the next edition will be held in Sept-\u00celes under the theme <strong>\u201cHealing scars\/Nanatushitishutau \u201d. <\/strong><\/p>\n\t<div id=\"gap-1607428888\" class=\"gap-element clearfix\" style=\"display:block; height:auto;\">\n\t\t\n<style>\n#gap-1607428888 {\n  padding-top: 15px;\n}\n<\/style>\n\t<\/div>\n\t\n\t\t<\/div>\n\t\t\t\t\t<\/div>\n\n\t\n\n\t<div id=\"col-957843394\" class=\"col small-12 large-12\"  >\n\t\t\t\t<div class=\"col-inner\"  >\n\t\t\t\n\t\t\t\n<p style=\"text-align: center;\">\u2013 30 \u2013<\/p>\n<p><strong>Sources and press relations:<\/strong><br \/>\nAndr\u00e9anne Mercier, executive and communications assistant , <a href=\"tel:1-514-434-1095\">1 514 434-1095<\/a>, <a href=\"mailto:prod@cinedanse.ca\">prod@cinedanse.ca<\/a><\/p>\n\t<div id=\"gap-1208331829\" class=\"gap-element clearfix\" style=\"display:block; height:auto;\">\n\t\t\n<style>\n#gap-1208331829 {\n  padding-top: 15px;\n}\n<\/style>\n\t<\/div>\n\t\n\t\t<\/div>\n\t\t\t\t\t<\/div>\n\n\t\n<\/div>\n\t\t<\/div>\n\t\t\t\t\t<\/div>\n\n\t\n<\/div>\n","protected":false},"excerpt":{"rendered":"","protected":false},"author":1,"featured_media":17412,"comment_status":"closed","ping_status":"closed","sticky":false,"template":"","format":"standard","meta":{"_acf_changed":false,"footnotes":""},"categories":[11],"tags":[],"class_list":["post-24721","post","type-post","status-publish","format-standard","has-post-thumbnail","hentry","category-news"],"acf":[],"yoast_head":"<!-- This site is optimized with the Yoast SEO plugin v27.5 - https:\/\/yoast.com\/product\/yoast-seo-wordpress\/ -->\n<title>La danse du faune\/Pakutishkuauat Nimuat \u00e0 Sept-\u00celes<\/title>\n<meta name=\"description\" content=\"participer aux ateliers gratuits La danse du faune\/Pakutishkuauat nimuat, avec la chor\u00e9graphe new-yorkaise Tamar Rogoff du 22 au 25 mai\" \/>\n<meta name=\"robots\" content=\"index, follow, max-snippet:-1, max-image-preview:large, max-video-preview:-1\" \/>\n<link rel=\"canonical\" href=\"https:\/\/www.cinedanse.ca\/en\/the-faun-dance-pakutishkuauat-nimuat-in-sept-iles\/\" \/>\n<meta property=\"og:locale\" content=\"en_US\" \/>\n<meta property=\"og:type\" content=\"article\" \/>\n<meta property=\"og:title\" content=\"La danse du faune\/Pakutishkuauat Nimuat \u00e0 Sept-\u00celes\" \/>\n<meta property=\"og:description\" content=\"participer aux ateliers gratuits La danse du faune\/Pakutishkuauat nimuat, avec la chor\u00e9graphe new-yorkaise Tamar Rogoff du 22 au 25 mai\" \/>\n<meta property=\"og:url\" content=\"https:\/\/www.cinedanse.ca\/en\/the-faun-dance-pakutishkuauat-nimuat-in-sept-iles\/\" \/>\n<meta property=\"og:site_name\" content=\"Cin\u00e9danse\" \/>\n<meta property=\"article:publisher\" content=\"https:\/\/www.facebook.com\/cinedanse.ca\/\" \/>\n<meta property=\"article:published_time\" content=\"2024-05-01T21:47:41+00:00\" \/>\n<meta property=\"article:modified_time\" content=\"2025-05-29T20:27:43+00:00\" \/>\n<meta property=\"og:image\" content=\"http:\/\/www.cinedanse.ca\/wp-content\/uploads\/2024\/05\/affiche_16x9_la_danse_du_faune.jpg\" \/>\n\t<meta property=\"og:image:width\" content=\"1152\" \/>\n\t<meta property=\"og:image:height\" content=\"648\" \/>\n\t<meta property=\"og:image:type\" content=\"image\/jpeg\" \/>\n<meta name=\"author\" content=\"La caravane\" \/>\n<meta name=\"twitter:card\" content=\"summary_large_image\" \/>\n<meta name=\"twitter:title\" content=\"La danse du faune\/Pakutishkuauat Nimuat \u00e0 Sept-\u00celes\" \/>\n<meta name=\"twitter:description\" content=\"participer aux ateliers gratuits La danse du faune\/Pakutishkuauat nimuat, avec la chor\u00e9graphe new-yorkaise Tamar Rogoff du 22 au 25 mai\" \/>\n<meta name=\"twitter:image\" content=\"https:\/\/www.cinedanse.ca\/wp-content\/uploads\/2024\/05\/affiche_16x9_la_danse_du_faune.jpg\" \/>\n<meta name=\"twitter:label1\" content=\"Written by\" \/>\n\t<meta name=\"twitter:data1\" content=\"La caravane\" \/>\n\t<meta name=\"twitter:label2\" content=\"Est. reading time\" \/>\n\t<meta name=\"twitter:data2\" content=\"6 minutes\" \/>\n<script type=\"application\/ld+json\" class=\"yoast-schema-graph\">{\"@context\":\"https:\\\/\\\/schema.org\",\"@graph\":[{\"@type\":\"Article\",\"@id\":\"https:\\\/\\\/www.cinedanse.ca\\\/en\\\/the-faun-dance-pakutishkuauat-nimuat-in-sept-iles\\\/#article\",\"isPartOf\":{\"@id\":\"https:\\\/\\\/www.cinedanse.ca\\\/en\\\/the-faun-dance-pakutishkuauat-nimuat-in-sept-iles\\\/\"},\"author\":{\"name\":\"La caravane\",\"@id\":\"http:\\\/\\\/www.cinedanse.ca\\\/en\\\/#\\\/schema\\\/person\\\/79b8f2019e07bb50aca5282b0d205f82\"},\"headline\":\"The faun dance\\\/Pakutishkuauat Nimuat in Sept-\u00celes\",\"datePublished\":\"2024-05-01T21:47:41+00:00\",\"dateModified\":\"2025-05-29T20:27:43+00:00\",\"mainEntityOfPage\":{\"@id\":\"https:\\\/\\\/www.cinedanse.ca\\\/en\\\/the-faun-dance-pakutishkuauat-nimuat-in-sept-iles\\\/\"},\"wordCount\":1199,\"image\":{\"@id\":\"https:\\\/\\\/www.cinedanse.ca\\\/en\\\/the-faun-dance-pakutishkuauat-nimuat-in-sept-iles\\\/#primaryimage\"},\"thumbnailUrl\":\"https:\\\/\\\/www.cinedanse.ca\\\/wp-content\\\/uploads\\\/2024\\\/05\\\/affiche_16x9_la_danse_du_faune.jpg\",\"articleSection\":[\"News\"],\"inLanguage\":\"en-US\"},{\"@type\":\"WebPage\",\"@id\":\"https:\\\/\\\/www.cinedanse.ca\\\/en\\\/the-faun-dance-pakutishkuauat-nimuat-in-sept-iles\\\/\",\"url\":\"https:\\\/\\\/www.cinedanse.ca\\\/en\\\/the-faun-dance-pakutishkuauat-nimuat-in-sept-iles\\\/\",\"name\":\"La danse du faune\\\/Pakutishkuauat Nimuat \u00e0 Sept-\u00celes\",\"isPartOf\":{\"@id\":\"http:\\\/\\\/www.cinedanse.ca\\\/en\\\/#website\"},\"primaryImageOfPage\":{\"@id\":\"https:\\\/\\\/www.cinedanse.ca\\\/en\\\/the-faun-dance-pakutishkuauat-nimuat-in-sept-iles\\\/#primaryimage\"},\"image\":{\"@id\":\"https:\\\/\\\/www.cinedanse.ca\\\/en\\\/the-faun-dance-pakutishkuauat-nimuat-in-sept-iles\\\/#primaryimage\"},\"thumbnailUrl\":\"https:\\\/\\\/www.cinedanse.ca\\\/wp-content\\\/uploads\\\/2024\\\/05\\\/affiche_16x9_la_danse_du_faune.jpg\",\"datePublished\":\"2024-05-01T21:47:41+00:00\",\"dateModified\":\"2025-05-29T20:27:43+00:00\",\"author\":{\"@id\":\"http:\\\/\\\/www.cinedanse.ca\\\/en\\\/#\\\/schema\\\/person\\\/79b8f2019e07bb50aca5282b0d205f82\"},\"description\":\"participer aux ateliers gratuits La danse du faune\\\/Pakutishkuauat nimuat, avec la chor\u00e9graphe new-yorkaise Tamar Rogoff du 22 au 25 mai\",\"breadcrumb\":{\"@id\":\"https:\\\/\\\/www.cinedanse.ca\\\/en\\\/the-faun-dance-pakutishkuauat-nimuat-in-sept-iles\\\/#breadcrumb\"},\"inLanguage\":\"en-US\",\"potentialAction\":[{\"@type\":\"ReadAction\",\"target\":[\"https:\\\/\\\/www.cinedanse.ca\\\/en\\\/the-faun-dance-pakutishkuauat-nimuat-in-sept-iles\\\/\"]}]},{\"@type\":\"ImageObject\",\"inLanguage\":\"en-US\",\"@id\":\"https:\\\/\\\/www.cinedanse.ca\\\/en\\\/the-faun-dance-pakutishkuauat-nimuat-in-sept-iles\\\/#primaryimage\",\"url\":\"https:\\\/\\\/www.cinedanse.ca\\\/wp-content\\\/uploads\\\/2024\\\/05\\\/affiche_16x9_la_danse_du_faune.jpg\",\"contentUrl\":\"https:\\\/\\\/www.cinedanse.ca\\\/wp-content\\\/uploads\\\/2024\\\/05\\\/affiche_16x9_la_danse_du_faune.jpg\",\"width\":1152,\"height\":648,\"caption\":\"La danse du faune\\\/Pakutishkuauat\"},{\"@type\":\"BreadcrumbList\",\"@id\":\"https:\\\/\\\/www.cinedanse.ca\\\/en\\\/the-faun-dance-pakutishkuauat-nimuat-in-sept-iles\\\/#breadcrumb\",\"itemListElement\":[{\"@type\":\"ListItem\",\"position\":1,\"name\":\"Accueil\",\"item\":\"http:\\\/\\\/www.cinedanse.ca\\\/en\\\/\"},{\"@type\":\"ListItem\",\"position\":2,\"name\":\"The faun dance\\\/Pakutishkuauat Nimuat in Sept-\u00celes\"}]},{\"@type\":\"WebSite\",\"@id\":\"http:\\\/\\\/www.cinedanse.ca\\\/en\\\/#website\",\"url\":\"http:\\\/\\\/www.cinedanse.ca\\\/en\\\/\",\"name\":\"Cin\u00e9danse\",\"description\":\"Because our world truly needs to dance!\",\"alternateName\":\"Cin\u00e9danse\",\"potentialAction\":[{\"@type\":\"SearchAction\",\"target\":{\"@type\":\"EntryPoint\",\"urlTemplate\":\"http:\\\/\\\/www.cinedanse.ca\\\/en\\\/?s={search_term_string}\"},\"query-input\":{\"@type\":\"PropertyValueSpecification\",\"valueRequired\":true,\"valueName\":\"search_term_string\"}}],\"inLanguage\":\"en-US\"},{\"@type\":\"Person\",\"@id\":\"http:\\\/\\\/www.cinedanse.ca\\\/en\\\/#\\\/schema\\\/person\\\/79b8f2019e07bb50aca5282b0d205f82\",\"name\":\"La caravane\",\"image\":{\"@type\":\"ImageObject\",\"inLanguage\":\"en-US\",\"@id\":\"https:\\\/\\\/secure.gravatar.com\\\/avatar\\\/db01b9248bc010eb09c34490e55d55b0ee23172ba8caad40e7e4316bac28c164?s=96&d=mm&r=g\",\"url\":\"https:\\\/\\\/secure.gravatar.com\\\/avatar\\\/db01b9248bc010eb09c34490e55d55b0ee23172ba8caad40e7e4316bac28c164?s=96&d=mm&r=g\",\"contentUrl\":\"https:\\\/\\\/secure.gravatar.com\\\/avatar\\\/db01b9248bc010eb09c34490e55d55b0ee23172ba8caad40e7e4316bac28c164?s=96&d=mm&r=g\",\"caption\":\"La caravane\"}}]}<\/script>\n<!-- \/ Yoast SEO plugin. -->","yoast_head_json":{"title":"La danse du faune\/Pakutishkuauat Nimuat \u00e0 Sept-\u00celes","description":"participer aux ateliers gratuits La danse du faune\/Pakutishkuauat nimuat, avec la chor\u00e9graphe new-yorkaise Tamar Rogoff du 22 au 25 mai","robots":{"index":"index","follow":"follow","max-snippet":"max-snippet:-1","max-image-preview":"max-image-preview:large","max-video-preview":"max-video-preview:-1"},"canonical":"https:\/\/www.cinedanse.ca\/en\/the-faun-dance-pakutishkuauat-nimuat-in-sept-iles\/","og_locale":"en_US","og_type":"article","og_title":"La danse du faune\/Pakutishkuauat Nimuat \u00e0 Sept-\u00celes","og_description":"participer aux ateliers gratuits La danse du faune\/Pakutishkuauat nimuat, avec la chor\u00e9graphe new-yorkaise Tamar Rogoff du 22 au 25 mai","og_url":"https:\/\/www.cinedanse.ca\/en\/the-faun-dance-pakutishkuauat-nimuat-in-sept-iles\/","og_site_name":"Cin\u00e9danse","article_publisher":"https:\/\/www.facebook.com\/cinedanse.ca\/","article_published_time":"2024-05-01T21:47:41+00:00","article_modified_time":"2025-05-29T20:27:43+00:00","og_image":[{"width":1152,"height":648,"url":"http:\/\/www.cinedanse.ca\/wp-content\/uploads\/2024\/05\/affiche_16x9_la_danse_du_faune.jpg","type":"image\/jpeg"}],"author":"La caravane","twitter_card":"summary_large_image","twitter_title":"La danse du faune\/Pakutishkuauat Nimuat \u00e0 Sept-\u00celes","twitter_description":"participer aux ateliers gratuits La danse du faune\/Pakutishkuauat nimuat, avec la chor\u00e9graphe new-yorkaise Tamar Rogoff du 22 au 25 mai","twitter_image":"https:\/\/www.cinedanse.ca\/wp-content\/uploads\/2024\/05\/affiche_16x9_la_danse_du_faune.jpg","twitter_misc":{"Written by":"La caravane","Est. reading time":"6 minutes"},"schema":{"@context":"https:\/\/schema.org","@graph":[{"@type":"Article","@id":"https:\/\/www.cinedanse.ca\/en\/the-faun-dance-pakutishkuauat-nimuat-in-sept-iles\/#article","isPartOf":{"@id":"https:\/\/www.cinedanse.ca\/en\/the-faun-dance-pakutishkuauat-nimuat-in-sept-iles\/"},"author":{"name":"La caravane","@id":"http:\/\/www.cinedanse.ca\/en\/#\/schema\/person\/79b8f2019e07bb50aca5282b0d205f82"},"headline":"The faun dance\/Pakutishkuauat Nimuat in Sept-\u00celes","datePublished":"2024-05-01T21:47:41+00:00","dateModified":"2025-05-29T20:27:43+00:00","mainEntityOfPage":{"@id":"https:\/\/www.cinedanse.ca\/en\/the-faun-dance-pakutishkuauat-nimuat-in-sept-iles\/"},"wordCount":1199,"image":{"@id":"https:\/\/www.cinedanse.ca\/en\/the-faun-dance-pakutishkuauat-nimuat-in-sept-iles\/#primaryimage"},"thumbnailUrl":"https:\/\/www.cinedanse.ca\/wp-content\/uploads\/2024\/05\/affiche_16x9_la_danse_du_faune.jpg","articleSection":["News"],"inLanguage":"en-US"},{"@type":"WebPage","@id":"https:\/\/www.cinedanse.ca\/en\/the-faun-dance-pakutishkuauat-nimuat-in-sept-iles\/","url":"https:\/\/www.cinedanse.ca\/en\/the-faun-dance-pakutishkuauat-nimuat-in-sept-iles\/","name":"La danse du faune\/Pakutishkuauat Nimuat \u00e0 Sept-\u00celes","isPartOf":{"@id":"http:\/\/www.cinedanse.ca\/en\/#website"},"primaryImageOfPage":{"@id":"https:\/\/www.cinedanse.ca\/en\/the-faun-dance-pakutishkuauat-nimuat-in-sept-iles\/#primaryimage"},"image":{"@id":"https:\/\/www.cinedanse.ca\/en\/the-faun-dance-pakutishkuauat-nimuat-in-sept-iles\/#primaryimage"},"thumbnailUrl":"https:\/\/www.cinedanse.ca\/wp-content\/uploads\/2024\/05\/affiche_16x9_la_danse_du_faune.jpg","datePublished":"2024-05-01T21:47:41+00:00","dateModified":"2025-05-29T20:27:43+00:00","author":{"@id":"http:\/\/www.cinedanse.ca\/en\/#\/schema\/person\/79b8f2019e07bb50aca5282b0d205f82"},"description":"participer aux ateliers gratuits La danse du faune\/Pakutishkuauat nimuat, avec la chor\u00e9graphe new-yorkaise Tamar Rogoff du 22 au 25 mai","breadcrumb":{"@id":"https:\/\/www.cinedanse.ca\/en\/the-faun-dance-pakutishkuauat-nimuat-in-sept-iles\/#breadcrumb"},"inLanguage":"en-US","potentialAction":[{"@type":"ReadAction","target":["https:\/\/www.cinedanse.ca\/en\/the-faun-dance-pakutishkuauat-nimuat-in-sept-iles\/"]}]},{"@type":"ImageObject","inLanguage":"en-US","@id":"https:\/\/www.cinedanse.ca\/en\/the-faun-dance-pakutishkuauat-nimuat-in-sept-iles\/#primaryimage","url":"https:\/\/www.cinedanse.ca\/wp-content\/uploads\/2024\/05\/affiche_16x9_la_danse_du_faune.jpg","contentUrl":"https:\/\/www.cinedanse.ca\/wp-content\/uploads\/2024\/05\/affiche_16x9_la_danse_du_faune.jpg","width":1152,"height":648,"caption":"La danse du faune\/Pakutishkuauat"},{"@type":"BreadcrumbList","@id":"https:\/\/www.cinedanse.ca\/en\/the-faun-dance-pakutishkuauat-nimuat-in-sept-iles\/#breadcrumb","itemListElement":[{"@type":"ListItem","position":1,"name":"Accueil","item":"http:\/\/www.cinedanse.ca\/en\/"},{"@type":"ListItem","position":2,"name":"The faun dance\/Pakutishkuauat Nimuat in Sept-\u00celes"}]},{"@type":"WebSite","@id":"http:\/\/www.cinedanse.ca\/en\/#website","url":"http:\/\/www.cinedanse.ca\/en\/","name":"Cin\u00e9danse","description":"Because our world truly needs to dance!","alternateName":"Cin\u00e9danse","potentialAction":[{"@type":"SearchAction","target":{"@type":"EntryPoint","urlTemplate":"http:\/\/www.cinedanse.ca\/en\/?s={search_term_string}"},"query-input":{"@type":"PropertyValueSpecification","valueRequired":true,"valueName":"search_term_string"}}],"inLanguage":"en-US"},{"@type":"Person","@id":"http:\/\/www.cinedanse.ca\/en\/#\/schema\/person\/79b8f2019e07bb50aca5282b0d205f82","name":"La caravane","image":{"@type":"ImageObject","inLanguage":"en-US","@id":"https:\/\/secure.gravatar.com\/avatar\/db01b9248bc010eb09c34490e55d55b0ee23172ba8caad40e7e4316bac28c164?s=96&d=mm&r=g","url":"https:\/\/secure.gravatar.com\/avatar\/db01b9248bc010eb09c34490e55d55b0ee23172ba8caad40e7e4316bac28c164?s=96&d=mm&r=g","contentUrl":"https:\/\/secure.gravatar.com\/avatar\/db01b9248bc010eb09c34490e55d55b0ee23172ba8caad40e7e4316bac28c164?s=96&d=mm&r=g","caption":"La caravane"}}]}},"_links":{"self":[{"href":"https:\/\/www.cinedanse.ca\/en\/wp-json\/wp\/v2\/posts\/24721","targetHints":{"allow":["GET"]}}],"collection":[{"href":"https:\/\/www.cinedanse.ca\/en\/wp-json\/wp\/v2\/posts"}],"about":[{"href":"https:\/\/www.cinedanse.ca\/en\/wp-json\/wp\/v2\/types\/post"}],"author":[{"embeddable":true,"href":"https:\/\/www.cinedanse.ca\/en\/wp-json\/wp\/v2\/users\/1"}],"replies":[{"embeddable":true,"href":"https:\/\/www.cinedanse.ca\/en\/wp-json\/wp\/v2\/comments?post=24721"}],"version-history":[{"count":0,"href":"https:\/\/www.cinedanse.ca\/en\/wp-json\/wp\/v2\/posts\/24721\/revisions"}],"wp:featuredmedia":[{"embeddable":true,"href":"https:\/\/www.cinedanse.ca\/en\/wp-json\/wp\/v2\/media\/17412"}],"wp:attachment":[{"href":"https:\/\/www.cinedanse.ca\/en\/wp-json\/wp\/v2\/media?parent=24721"}],"wp:term":[{"taxonomy":"category","embeddable":true,"href":"https:\/\/www.cinedanse.ca\/en\/wp-json\/wp\/v2\/categories?post=24721"},{"taxonomy":"post_tag","embeddable":true,"href":"https:\/\/www.cinedanse.ca\/en\/wp-json\/wp\/v2\/tags?post=24721"}],"curies":[{"name":"wp","href":"https:\/\/api.w.org\/{rel}","templated":true}]}}