{"id":5434,"date":"2015-07-29T13:56:49","date_gmt":"2015-07-29T17:56:49","guid":{"rendered":"http:\/\/7a2g9abnpa.preview.infomaniak.website\/?p=5434"},"modified":"2019-07-18T08:47:18","modified_gmt":"2019-07-18T12:47:18","slug":"sandy-silva-and-marlene-millar-recipients-of-the-prix-lumiere-2015-for-the-movie-lay-me-low","status":"publish","type":"post","link":"http:\/\/www.cinedanse.ca\/en\/sandy-silva-and-marlene-millar-recipients-of-the-prix-lumiere-2015-for-the-movie-lay-me-low\/","title":{"rendered":"Sandy Silva and Marlene Millar recipients of the Prix Lumi\u00e8re 2015 for the movie Lay Me Low"},"content":{"rendered":"<p>Cin\u00e9danse Qu\u00e9bec is proud to announce the winner of the first &#8220;Prix Lumi\u00e8re&#8221;. This prize will be handed during the last evening of the event Cin\u00e9danse Qu\u00e9bec 2015, on sunday, september 27<sup>th<\/sup>, at 4 pm.<\/p>\n<p><strong>The winners<br \/>\n<\/strong>The movie <em>Lay Me Low<\/em> by Sandy Silva and Marlene Millar was selected by the jury chaired by Martine \u00c9poque. The jury liked the sobriety, the efficiency and the authenticity of the performance that work together to make a unique, bright and universal piece\u201d.<\/p>\n<p><strong>The jury<br \/>\n<\/strong>Besides Martine \u00c9poque, the jury was composed of : Kathleya Afanador, director of TenduTV\u2019s program and artistic content (New-York); Josianne Desloges, journalist and visual arts columnist at Le Soleil; S\u00e9bastien Hudon, art director of Bande-Vid\u00e9o from Quebec; Greta Schoenberg, art director and founder of San Francisco Dance Film Festival; Mor Shani, young Israeli choreographer-performer.<\/p>\n<p><strong>The prize<br \/>\n<\/strong>The recipients will receive a residence of three weeks (total value of 20 000 $) to create, in Quebec, a new movie of art. This work must be finished in time to be presented during the third edition of Cin\u00e9danse, in 2017. Sylvain Bleau thanks, for their generosity, the artistic directions of Spira, La Bande-Video and the Rotonde centre chor\u00e9graphique contemporain de Qu\u00e9bec, which each offered one week of residence, their equipments and technical services in order for this prize to be constituted.<\/p>\n<p>Mr. Bleau named this prize &#8220;Prix Lumi\u00e8re&#8221; in allusion to the brothers Auguste and Louis Lumi\u00e8re who, already at the end of the 19th century, in the first steps of the cinema, experimented with dance on screen with their movie <em>Danse Serpentine<\/em> (1896).<\/p>\n<p><a href=\"https:\/\/www.cinedanse.ca\/wp-content\/uploads\/2015\/09\/logos2.jpg\"><img loading=\"lazy\" decoding=\"async\" class=\"alignnone wp-image-3010\" src=\"https:\/\/www.cinedanse.ca\/wp-content\/uploads\/2015\/09\/logos2.jpg\" alt=\"logos2\" width=\"600\" height=\"107\" srcset=\"http:\/\/www.cinedanse.ca\/wp-content\/uploads\/2015\/09\/logos2.jpg 800w, http:\/\/www.cinedanse.ca\/wp-content\/uploads\/2015\/09\/logos2-300x54.jpg 300w\" sizes=\"auto, (max-width: 600px) 100vw, 600px\" \/><\/a><\/p>\n","protected":false},"excerpt":{"rendered":"<p>Cin\u00e9danse Qu\u00e9bec is proud to announce the winner of the first &#8220;Prix Lumi\u00e8re&#8221;. This prize will be handed during the last evening of the event Cin\u00e9danse Qu\u00e9bec 2015, on sunday, september 27th, at 4 pm. The winners The movie Lay Me Low by Sandy Silva and Marlene Millar was selected by the jury chaired by [&#8230;]\n","protected":false},"author":2,"featured_media":5436,"comment_status":"closed","ping_status":"closed","sticky":false,"template":"","format":"standard","meta":{"_acf_changed":false,"footnotes":""},"categories":[11],"tags":[],"class_list":["post-5434","post","type-post","status-publish","format-standard","has-post-thumbnail","hentry","category-news"],"acf":[],"yoast_head":"<!-- This site is optimized with the Yoast SEO plugin v27.4 - https:\/\/yoast.com\/product\/yoast-seo-wordpress\/ -->\n<title>Sandy Silva and Marlene Millar recipients of the Prix Lumi\u00e8re 2015 for the movie Lay Me Low | Cin\u00e9danse<\/title>\n<meta name=\"robots\" content=\"index, follow, max-snippet:-1, max-image-preview:large, max-video-preview:-1\" \/>\n<link rel=\"canonical\" href=\"http:\/\/www.cinedanse.ca\/en\/sandy-silva-and-marlene-millar-recipients-of-the-prix-lumiere-2015-for-the-movie-lay-me-low\/\" \/>\n<meta property=\"og:locale\" content=\"en_US\" \/>\n<meta property=\"og:type\" content=\"article\" \/>\n<meta property=\"og:title\" content=\"Sandy Silva and Marlene Millar recipients of the Prix Lumi\u00e8re 2015 for the movie Lay Me Low | Cin\u00e9danse\" \/>\n<meta property=\"og:description\" content=\"Cin\u00e9danse Qu\u00e9bec is proud to announce the winner of the first &#8220;Prix Lumi\u00e8re&#8221;. This prize will be handed during the last evening of the event Cin\u00e9danse Qu\u00e9bec 2015, on sunday, september 27th, at 4 pm. The winners The movie Lay Me Low by Sandy Silva and Marlene Millar was selected by the jury chaired by [...]\" \/>\n<meta property=\"og:url\" content=\"http:\/\/www.cinedanse.ca\/en\/sandy-silva-and-marlene-millar-recipients-of-the-prix-lumiere-2015-for-the-movie-lay-me-low\/\" \/>\n<meta property=\"og:site_name\" content=\"Cin\u00e9danse\" \/>\n<meta property=\"article:publisher\" content=\"https:\/\/www.facebook.com\/cinedanse.ca\/\" \/>\n<meta property=\"article:published_time\" content=\"2015-07-29T17:56:49+00:00\" \/>\n<meta property=\"article:modified_time\" content=\"2019-07-18T12:47:18+00:00\" \/>\n<meta property=\"og:image\" content=\"https:\/\/www.cinedanse.ca\/wp-content\/uploads\/2015\/09\/laymelow.jpg\" \/>\n\t<meta property=\"og:image:width\" content=\"600\" \/>\n\t<meta property=\"og:image:height\" content=\"406\" \/>\n\t<meta property=\"og:image:type\" content=\"image\/jpeg\" \/>\n<meta name=\"author\" content=\"La caravane\" \/>\n<meta name=\"twitter:card\" content=\"summary_large_image\" \/>\n<meta name=\"twitter:label1\" content=\"Written by\" \/>\n\t<meta name=\"twitter:data1\" content=\"La caravane\" \/>\n\t<meta name=\"twitter:label2\" content=\"Est. reading time\" \/>\n\t<meta name=\"twitter:data2\" content=\"1 minute\" \/>\n<script type=\"application\/ld+json\" class=\"yoast-schema-graph\">{\"@context\":\"https:\\\/\\\/schema.org\",\"@graph\":[{\"@type\":\"Article\",\"@id\":\"http:\\\/\\\/www.cinedanse.ca\\\/en\\\/sandy-silva-and-marlene-millar-recipients-of-the-prix-lumiere-2015-for-the-movie-lay-me-low\\\/#article\",\"isPartOf\":{\"@id\":\"http:\\\/\\\/www.cinedanse.ca\\\/en\\\/sandy-silva-and-marlene-millar-recipients-of-the-prix-lumiere-2015-for-the-movie-lay-me-low\\\/\"},\"author\":{\"name\":\"La caravane\",\"@id\":\"http:\\\/\\\/www.cinedanse.ca\\\/en\\\/#\\\/schema\\\/person\\\/05cbd113a0aba134091e57c4b5811578\"},\"headline\":\"Sandy Silva and Marlene Millar recipients of the Prix Lumi\u00e8re 2015 for the movie Lay Me Low\",\"datePublished\":\"2015-07-29T17:56:49+00:00\",\"dateModified\":\"2019-07-18T12:47:18+00:00\",\"mainEntityOfPage\":{\"@id\":\"http:\\\/\\\/www.cinedanse.ca\\\/en\\\/sandy-silva-and-marlene-millar-recipients-of-the-prix-lumiere-2015-for-the-movie-lay-me-low\\\/\"},\"wordCount\":287,\"image\":{\"@id\":\"http:\\\/\\\/www.cinedanse.ca\\\/en\\\/sandy-silva-and-marlene-millar-recipients-of-the-prix-lumiere-2015-for-the-movie-lay-me-low\\\/#primaryimage\"},\"thumbnailUrl\":\"http:\\\/\\\/www.cinedanse.ca\\\/wp-content\\\/uploads\\\/2015\\\/09\\\/laymelow.jpg\",\"articleSection\":[\"News\"],\"inLanguage\":\"en-US\"},{\"@type\":\"WebPage\",\"@id\":\"http:\\\/\\\/www.cinedanse.ca\\\/en\\\/sandy-silva-and-marlene-millar-recipients-of-the-prix-lumiere-2015-for-the-movie-lay-me-low\\\/\",\"url\":\"http:\\\/\\\/www.cinedanse.ca\\\/en\\\/sandy-silva-and-marlene-millar-recipients-of-the-prix-lumiere-2015-for-the-movie-lay-me-low\\\/\",\"name\":\"Sandy Silva and Marlene Millar recipients of the Prix Lumi\u00e8re 2015 for the movie Lay Me Low | Cin\u00e9danse\",\"isPartOf\":{\"@id\":\"http:\\\/\\\/www.cinedanse.ca\\\/en\\\/#website\"},\"primaryImageOfPage\":{\"@id\":\"http:\\\/\\\/www.cinedanse.ca\\\/en\\\/sandy-silva-and-marlene-millar-recipients-of-the-prix-lumiere-2015-for-the-movie-lay-me-low\\\/#primaryimage\"},\"image\":{\"@id\":\"http:\\\/\\\/www.cinedanse.ca\\\/en\\\/sandy-silva-and-marlene-millar-recipients-of-the-prix-lumiere-2015-for-the-movie-lay-me-low\\\/#primaryimage\"},\"thumbnailUrl\":\"http:\\\/\\\/www.cinedanse.ca\\\/wp-content\\\/uploads\\\/2015\\\/09\\\/laymelow.jpg\",\"datePublished\":\"2015-07-29T17:56:49+00:00\",\"dateModified\":\"2019-07-18T12:47:18+00:00\",\"author\":{\"@id\":\"http:\\\/\\\/www.cinedanse.ca\\\/en\\\/#\\\/schema\\\/person\\\/05cbd113a0aba134091e57c4b5811578\"},\"breadcrumb\":{\"@id\":\"http:\\\/\\\/www.cinedanse.ca\\\/en\\\/sandy-silva-and-marlene-millar-recipients-of-the-prix-lumiere-2015-for-the-movie-lay-me-low\\\/#breadcrumb\"},\"inLanguage\":\"en-US\",\"potentialAction\":[{\"@type\":\"ReadAction\",\"target\":[\"http:\\\/\\\/www.cinedanse.ca\\\/en\\\/sandy-silva-and-marlene-millar-recipients-of-the-prix-lumiere-2015-for-the-movie-lay-me-low\\\/\"]}]},{\"@type\":\"ImageObject\",\"inLanguage\":\"en-US\",\"@id\":\"http:\\\/\\\/www.cinedanse.ca\\\/en\\\/sandy-silva-and-marlene-millar-recipients-of-the-prix-lumiere-2015-for-the-movie-lay-me-low\\\/#primaryimage\",\"url\":\"http:\\\/\\\/www.cinedanse.ca\\\/wp-content\\\/uploads\\\/2015\\\/09\\\/laymelow.jpg\",\"contentUrl\":\"http:\\\/\\\/www.cinedanse.ca\\\/wp-content\\\/uploads\\\/2015\\\/09\\\/laymelow.jpg\",\"width\":600,\"height\":406},{\"@type\":\"BreadcrumbList\",\"@id\":\"http:\\\/\\\/www.cinedanse.ca\\\/en\\\/sandy-silva-and-marlene-millar-recipients-of-the-prix-lumiere-2015-for-the-movie-lay-me-low\\\/#breadcrumb\",\"itemListElement\":[{\"@type\":\"ListItem\",\"position\":1,\"name\":\"Accueil\",\"item\":\"http:\\\/\\\/www.cinedanse.ca\\\/en\\\/\"},{\"@type\":\"ListItem\",\"position\":2,\"name\":\"Sandy Silva and Marlene Millar recipients of the Prix Lumi\u00e8re 2015 for the movie Lay Me Low\"}]},{\"@type\":\"WebSite\",\"@id\":\"http:\\\/\\\/www.cinedanse.ca\\\/en\\\/#website\",\"url\":\"http:\\\/\\\/www.cinedanse.ca\\\/en\\\/\",\"name\":\"Cin\u00e9danse\",\"description\":\"Because our world truly needs to dance!\",\"alternateName\":\"Cin\u00e9danse\",\"potentialAction\":[{\"@type\":\"SearchAction\",\"target\":{\"@type\":\"EntryPoint\",\"urlTemplate\":\"http:\\\/\\\/www.cinedanse.ca\\\/en\\\/?s={search_term_string}\"},\"query-input\":{\"@type\":\"PropertyValueSpecification\",\"valueRequired\":true,\"valueName\":\"search_term_string\"}}],\"inLanguage\":\"en-US\"},{\"@type\":\"Person\",\"@id\":\"http:\\\/\\\/www.cinedanse.ca\\\/en\\\/#\\\/schema\\\/person\\\/05cbd113a0aba134091e57c4b5811578\",\"name\":\"La caravane\",\"image\":{\"@type\":\"ImageObject\",\"inLanguage\":\"en-US\",\"@id\":\"https:\\\/\\\/secure.gravatar.com\\\/avatar\\\/833b55cd23a84372d165538aedeb731e048bb13d8bdb6202f8ae32ea32032ded?s=96&d=mm&r=g\",\"url\":\"https:\\\/\\\/secure.gravatar.com\\\/avatar\\\/833b55cd23a84372d165538aedeb731e048bb13d8bdb6202f8ae32ea32032ded?s=96&d=mm&r=g\",\"contentUrl\":\"https:\\\/\\\/secure.gravatar.com\\\/avatar\\\/833b55cd23a84372d165538aedeb731e048bb13d8bdb6202f8ae32ea32032ded?s=96&d=mm&r=g\",\"caption\":\"La caravane\"}}]}<\/script>\n<!-- \/ Yoast SEO plugin. -->","yoast_head_json":{"title":"Sandy Silva and Marlene Millar recipients of the Prix Lumi\u00e8re 2015 for the movie Lay Me Low | Cin\u00e9danse","robots":{"index":"index","follow":"follow","max-snippet":"max-snippet:-1","max-image-preview":"max-image-preview:large","max-video-preview":"max-video-preview:-1"},"canonical":"http:\/\/www.cinedanse.ca\/en\/sandy-silva-and-marlene-millar-recipients-of-the-prix-lumiere-2015-for-the-movie-lay-me-low\/","og_locale":"en_US","og_type":"article","og_title":"Sandy Silva and Marlene Millar recipients of the Prix Lumi\u00e8re 2015 for the movie Lay Me Low | Cin\u00e9danse","og_description":"Cin\u00e9danse Qu\u00e9bec is proud to announce the winner of the first &#8220;Prix Lumi\u00e8re&#8221;. This prize will be handed during the last evening of the event Cin\u00e9danse Qu\u00e9bec 2015, on sunday, september 27th, at 4 pm. The winners The movie Lay Me Low by Sandy Silva and Marlene Millar was selected by the jury chaired by [...]","og_url":"http:\/\/www.cinedanse.ca\/en\/sandy-silva-and-marlene-millar-recipients-of-the-prix-lumiere-2015-for-the-movie-lay-me-low\/","og_site_name":"Cin\u00e9danse","article_publisher":"https:\/\/www.facebook.com\/cinedanse.ca\/","article_published_time":"2015-07-29T17:56:49+00:00","article_modified_time":"2019-07-18T12:47:18+00:00","og_image":[{"width":600,"height":406,"url":"https:\/\/www.cinedanse.ca\/wp-content\/uploads\/2015\/09\/laymelow.jpg","type":"image\/jpeg"}],"author":"La caravane","twitter_card":"summary_large_image","twitter_misc":{"Written by":"La caravane","Est. reading time":"1 minute"},"schema":{"@context":"https:\/\/schema.org","@graph":[{"@type":"Article","@id":"http:\/\/www.cinedanse.ca\/en\/sandy-silva-and-marlene-millar-recipients-of-the-prix-lumiere-2015-for-the-movie-lay-me-low\/#article","isPartOf":{"@id":"http:\/\/www.cinedanse.ca\/en\/sandy-silva-and-marlene-millar-recipients-of-the-prix-lumiere-2015-for-the-movie-lay-me-low\/"},"author":{"name":"La caravane","@id":"http:\/\/www.cinedanse.ca\/en\/#\/schema\/person\/05cbd113a0aba134091e57c4b5811578"},"headline":"Sandy Silva and Marlene Millar recipients of the Prix Lumi\u00e8re 2015 for the movie Lay Me Low","datePublished":"2015-07-29T17:56:49+00:00","dateModified":"2019-07-18T12:47:18+00:00","mainEntityOfPage":{"@id":"http:\/\/www.cinedanse.ca\/en\/sandy-silva-and-marlene-millar-recipients-of-the-prix-lumiere-2015-for-the-movie-lay-me-low\/"},"wordCount":287,"image":{"@id":"http:\/\/www.cinedanse.ca\/en\/sandy-silva-and-marlene-millar-recipients-of-the-prix-lumiere-2015-for-the-movie-lay-me-low\/#primaryimage"},"thumbnailUrl":"http:\/\/www.cinedanse.ca\/wp-content\/uploads\/2015\/09\/laymelow.jpg","articleSection":["News"],"inLanguage":"en-US"},{"@type":"WebPage","@id":"http:\/\/www.cinedanse.ca\/en\/sandy-silva-and-marlene-millar-recipients-of-the-prix-lumiere-2015-for-the-movie-lay-me-low\/","url":"http:\/\/www.cinedanse.ca\/en\/sandy-silva-and-marlene-millar-recipients-of-the-prix-lumiere-2015-for-the-movie-lay-me-low\/","name":"Sandy Silva and Marlene Millar recipients of the Prix Lumi\u00e8re 2015 for the movie Lay Me Low | Cin\u00e9danse","isPartOf":{"@id":"http:\/\/www.cinedanse.ca\/en\/#website"},"primaryImageOfPage":{"@id":"http:\/\/www.cinedanse.ca\/en\/sandy-silva-and-marlene-millar-recipients-of-the-prix-lumiere-2015-for-the-movie-lay-me-low\/#primaryimage"},"image":{"@id":"http:\/\/www.cinedanse.ca\/en\/sandy-silva-and-marlene-millar-recipients-of-the-prix-lumiere-2015-for-the-movie-lay-me-low\/#primaryimage"},"thumbnailUrl":"http:\/\/www.cinedanse.ca\/wp-content\/uploads\/2015\/09\/laymelow.jpg","datePublished":"2015-07-29T17:56:49+00:00","dateModified":"2019-07-18T12:47:18+00:00","author":{"@id":"http:\/\/www.cinedanse.ca\/en\/#\/schema\/person\/05cbd113a0aba134091e57c4b5811578"},"breadcrumb":{"@id":"http:\/\/www.cinedanse.ca\/en\/sandy-silva-and-marlene-millar-recipients-of-the-prix-lumiere-2015-for-the-movie-lay-me-low\/#breadcrumb"},"inLanguage":"en-US","potentialAction":[{"@type":"ReadAction","target":["http:\/\/www.cinedanse.ca\/en\/sandy-silva-and-marlene-millar-recipients-of-the-prix-lumiere-2015-for-the-movie-lay-me-low\/"]}]},{"@type":"ImageObject","inLanguage":"en-US","@id":"http:\/\/www.cinedanse.ca\/en\/sandy-silva-and-marlene-millar-recipients-of-the-prix-lumiere-2015-for-the-movie-lay-me-low\/#primaryimage","url":"http:\/\/www.cinedanse.ca\/wp-content\/uploads\/2015\/09\/laymelow.jpg","contentUrl":"http:\/\/www.cinedanse.ca\/wp-content\/uploads\/2015\/09\/laymelow.jpg","width":600,"height":406},{"@type":"BreadcrumbList","@id":"http:\/\/www.cinedanse.ca\/en\/sandy-silva-and-marlene-millar-recipients-of-the-prix-lumiere-2015-for-the-movie-lay-me-low\/#breadcrumb","itemListElement":[{"@type":"ListItem","position":1,"name":"Accueil","item":"http:\/\/www.cinedanse.ca\/en\/"},{"@type":"ListItem","position":2,"name":"Sandy Silva and Marlene Millar recipients of the Prix Lumi\u00e8re 2015 for the movie Lay Me Low"}]},{"@type":"WebSite","@id":"http:\/\/www.cinedanse.ca\/en\/#website","url":"http:\/\/www.cinedanse.ca\/en\/","name":"Cin\u00e9danse","description":"Because our world truly needs to dance!","alternateName":"Cin\u00e9danse","potentialAction":[{"@type":"SearchAction","target":{"@type":"EntryPoint","urlTemplate":"http:\/\/www.cinedanse.ca\/en\/?s={search_term_string}"},"query-input":{"@type":"PropertyValueSpecification","valueRequired":true,"valueName":"search_term_string"}}],"inLanguage":"en-US"},{"@type":"Person","@id":"http:\/\/www.cinedanse.ca\/en\/#\/schema\/person\/05cbd113a0aba134091e57c4b5811578","name":"La caravane","image":{"@type":"ImageObject","inLanguage":"en-US","@id":"https:\/\/secure.gravatar.com\/avatar\/833b55cd23a84372d165538aedeb731e048bb13d8bdb6202f8ae32ea32032ded?s=96&d=mm&r=g","url":"https:\/\/secure.gravatar.com\/avatar\/833b55cd23a84372d165538aedeb731e048bb13d8bdb6202f8ae32ea32032ded?s=96&d=mm&r=g","contentUrl":"https:\/\/secure.gravatar.com\/avatar\/833b55cd23a84372d165538aedeb731e048bb13d8bdb6202f8ae32ea32032ded?s=96&d=mm&r=g","caption":"La caravane"}}]}},"_links":{"self":[{"href":"http:\/\/www.cinedanse.ca\/en\/wp-json\/wp\/v2\/posts\/5434","targetHints":{"allow":["GET"]}}],"collection":[{"href":"http:\/\/www.cinedanse.ca\/en\/wp-json\/wp\/v2\/posts"}],"about":[{"href":"http:\/\/www.cinedanse.ca\/en\/wp-json\/wp\/v2\/types\/post"}],"author":[{"embeddable":true,"href":"http:\/\/www.cinedanse.ca\/en\/wp-json\/wp\/v2\/users\/2"}],"replies":[{"embeddable":true,"href":"http:\/\/www.cinedanse.ca\/en\/wp-json\/wp\/v2\/comments?post=5434"}],"version-history":[{"count":0,"href":"http:\/\/www.cinedanse.ca\/en\/wp-json\/wp\/v2\/posts\/5434\/revisions"}],"wp:featuredmedia":[{"embeddable":true,"href":"http:\/\/www.cinedanse.ca\/en\/wp-json\/wp\/v2\/media\/5436"}],"wp:attachment":[{"href":"http:\/\/www.cinedanse.ca\/en\/wp-json\/wp\/v2\/media?parent=5434"}],"wp:term":[{"taxonomy":"category","embeddable":true,"href":"http:\/\/www.cinedanse.ca\/en\/wp-json\/wp\/v2\/categories?post=5434"},{"taxonomy":"post_tag","embeddable":true,"href":"http:\/\/www.cinedanse.ca\/en\/wp-json\/wp\/v2\/tags?post=5434"}],"curies":[{"name":"wp","href":"https:\/\/api.w.org\/{rel}","templated":true}]}}